{"id":134,"date":"2018-06-11T13:12:52","date_gmt":"2018-06-11T10:12:52","guid":{"rendered":"http:\/\/kiviniemenkartano.fi\/aitta\/?p=134"},"modified":"2018-06-12T09:30:43","modified_gmt":"2018-06-12T06:30:43","slug":"osa-4-portaat","status":"publish","type":"post","link":"https:\/\/kiviniemenkartano.fi\/aitta\/2018\/06\/11\/osa-4-portaat\/","title":{"rendered":"Osa 4 &#8211; Portaat"},"content":{"rendered":"<p>Vanhan tavan mukaisesti aitan erillisiin aittahuoneisiin kuljettiin suoraan ulkoa. Alakerran terassilla ja yl\u00e4kerran luhtitasolla oli kummassakin kaksi ovea.<\/p>\n<p>Muutoksen yhteydess\u00e4 vanhat ovet j\u00e4iv\u00e4t ikkunoiksi ja aitan p\u00e4\u00e4tyy tehtiin uusi porraskuisti, jolta puhkaistiin oviaukot aitan p\u00e4\u00e4tyyn.<\/p>\n<p>Kuvassa n\u00e4kyv\u00e4t uudet korkeat oviaukot. Telineiden varassa aletaan koota puurunkoa.<\/p>\n<p><a href=\"http:\/\/kiviniemenkartano.fi\/aitta\/wp-content\/uploads\/2018\/06\/kuisti-1_MG_6358.jpg\"><img loading=\"lazy\" decoding=\"async\" class=\"alignnone size-full wp-image-135\" src=\"http:\/\/kiviniemenkartano.fi\/aitta\/wp-content\/uploads\/2018\/06\/kuisti-1_MG_6358.jpg\" alt=\"\" width=\"900\" height=\"595\" srcset=\"https:\/\/kiviniemenkartano.fi\/aitta\/wp-content\/uploads\/2018\/06\/kuisti-1_MG_6358.jpg 900w, https:\/\/kiviniemenkartano.fi\/aitta\/wp-content\/uploads\/2018\/06\/kuisti-1_MG_6358-300x198.jpg 300w, https:\/\/kiviniemenkartano.fi\/aitta\/wp-content\/uploads\/2018\/06\/kuisti-1_MG_6358-768x508.jpg 768w\" sizes=\"auto, (max-width: 767px) 89vw, (max-width: 1000px) 54vw, (max-width: 1071px) 543px, 580px\" \/><\/a><\/p>\n<p>Kuistin runko on jykevist\u00e4 15 x 15 parruista:<\/p>\n<p><a href=\"http:\/\/kiviniemenkartano.fi\/aitta\/wp-content\/uploads\/2018\/06\/kuisti-2_MG_6367.jpg\"><img loading=\"lazy\" decoding=\"async\" class=\"alignnone size-large wp-image-137\" src=\"http:\/\/kiviniemenkartano.fi\/aitta\/wp-content\/uploads\/2018\/06\/kuisti-2_MG_6367-683x1024.jpg\" alt=\"\" width=\"525\" height=\"787\" srcset=\"https:\/\/kiviniemenkartano.fi\/aitta\/wp-content\/uploads\/2018\/06\/kuisti-2_MG_6367-683x1024.jpg 683w, https:\/\/kiviniemenkartano.fi\/aitta\/wp-content\/uploads\/2018\/06\/kuisti-2_MG_6367-200x300.jpg 200w, https:\/\/kiviniemenkartano.fi\/aitta\/wp-content\/uploads\/2018\/06\/kuisti-2_MG_6367-768x1152.jpg 768w, https:\/\/kiviniemenkartano.fi\/aitta\/wp-content\/uploads\/2018\/06\/kuisti-2_MG_6367.jpg 900w\" sizes=\"auto, (max-width: 525px) 100vw, 525px\" \/><\/a><\/p>\n<p><a href=\"http:\/\/kiviniemenkartano.fi\/aitta\/wp-content\/uploads\/2018\/06\/kuisti-3_MG_6370.jpg\"><img loading=\"lazy\" decoding=\"async\" class=\"alignnone size-large wp-image-140\" src=\"http:\/\/kiviniemenkartano.fi\/aitta\/wp-content\/uploads\/2018\/06\/kuisti-3_MG_6370-683x1024.jpg\" alt=\"\" width=\"525\" height=\"787\" srcset=\"https:\/\/kiviniemenkartano.fi\/aitta\/wp-content\/uploads\/2018\/06\/kuisti-3_MG_6370-683x1024.jpg 683w, https:\/\/kiviniemenkartano.fi\/aitta\/wp-content\/uploads\/2018\/06\/kuisti-3_MG_6370-200x300.jpg 200w, https:\/\/kiviniemenkartano.fi\/aitta\/wp-content\/uploads\/2018\/06\/kuisti-3_MG_6370-768x1152.jpg 768w, https:\/\/kiviniemenkartano.fi\/aitta\/wp-content\/uploads\/2018\/06\/kuisti-3_MG_6370.jpg 900w\" sizes=\"auto, (max-width: 525px) 100vw, 525px\" \/><\/a><\/p>\n<p>Kuisti pysyy paikoillaan painovoiman avulla ja parrut ovat kiinni toisissaan puutapeilla:<\/p>\n<p><a href=\"http:\/\/kiviniemenkartano.fi\/aitta\/wp-content\/uploads\/2018\/06\/kuisti-4_MG_6374.jpg\"><img loading=\"lazy\" decoding=\"async\" class=\"alignnone size-large wp-image-141\" src=\"http:\/\/kiviniemenkartano.fi\/aitta\/wp-content\/uploads\/2018\/06\/kuisti-4_MG_6374-683x1024.jpg\" alt=\"\" width=\"525\" height=\"787\" srcset=\"https:\/\/kiviniemenkartano.fi\/aitta\/wp-content\/uploads\/2018\/06\/kuisti-4_MG_6374-683x1024.jpg 683w, https:\/\/kiviniemenkartano.fi\/aitta\/wp-content\/uploads\/2018\/06\/kuisti-4_MG_6374-200x300.jpg 200w, https:\/\/kiviniemenkartano.fi\/aitta\/wp-content\/uploads\/2018\/06\/kuisti-4_MG_6374-768x1152.jpg 768w, https:\/\/kiviniemenkartano.fi\/aitta\/wp-content\/uploads\/2018\/06\/kuisti-4_MG_6374.jpg 900w\" sizes=\"auto, (max-width: 525px) 100vw, 525px\" \/><\/a><\/p>\n<p>Portaat nousevat oikealla v\u00e4litasolle, josta ne jatkavat vasemmalle yl\u00e4tasolle.<\/p>\n<p><a href=\"http:\/\/kiviniemenkartano.fi\/aitta\/wp-content\/uploads\/2018\/06\/kuisti-5_MG_6390.jpg\"><img loading=\"lazy\" decoding=\"async\" class=\"alignnone size-full wp-image-142\" src=\"http:\/\/kiviniemenkartano.fi\/aitta\/wp-content\/uploads\/2018\/06\/kuisti-5_MG_6390.jpg\" alt=\"\" width=\"900\" height=\"600\" srcset=\"https:\/\/kiviniemenkartano.fi\/aitta\/wp-content\/uploads\/2018\/06\/kuisti-5_MG_6390.jpg 900w, https:\/\/kiviniemenkartano.fi\/aitta\/wp-content\/uploads\/2018\/06\/kuisti-5_MG_6390-300x200.jpg 300w, https:\/\/kiviniemenkartano.fi\/aitta\/wp-content\/uploads\/2018\/06\/kuisti-5_MG_6390-768x512.jpg 768w\" sizes=\"auto, (max-width: 767px) 89vw, (max-width: 1000px) 54vw, (max-width: 1071px) 543px, 580px\" \/><\/a><\/p>\n<p>Reisilankkujen p\u00e4\u00e4ll\u00e4 on kolmiomalliset kiilat, joiden p\u00e4\u00e4lle askelmat naulataan.<\/p>\n<p><a href=\"http:\/\/kiviniemenkartano.fi\/aitta\/wp-content\/uploads\/2018\/06\/kuisti-6_MG_6487.jpg\"><img loading=\"lazy\" decoding=\"async\" class=\"alignnone size-large wp-image-143\" src=\"http:\/\/kiviniemenkartano.fi\/aitta\/wp-content\/uploads\/2018\/06\/kuisti-6_MG_6487-683x1024.jpg\" alt=\"\" width=\"525\" height=\"787\" srcset=\"https:\/\/kiviniemenkartano.fi\/aitta\/wp-content\/uploads\/2018\/06\/kuisti-6_MG_6487-683x1024.jpg 683w, https:\/\/kiviniemenkartano.fi\/aitta\/wp-content\/uploads\/2018\/06\/kuisti-6_MG_6487-200x300.jpg 200w, https:\/\/kiviniemenkartano.fi\/aitta\/wp-content\/uploads\/2018\/06\/kuisti-6_MG_6487-768x1152.jpg 768w, https:\/\/kiviniemenkartano.fi\/aitta\/wp-content\/uploads\/2018\/06\/kuisti-6_MG_6487.jpg 900w\" sizes=\"auto, (max-width: 525px) 100vw, 525px\" \/><\/a><\/p>\n<p>Reisilankut on lovettu keskell\u00e4 oleviin kaide- ja tukitolppiin:<\/p>\n<p><a href=\"http:\/\/kiviniemenkartano.fi\/aitta\/wp-content\/uploads\/2018\/06\/kuisti-7_MG_6520.jpg\"><img loading=\"lazy\" decoding=\"async\" class=\"alignnone size-full wp-image-145\" src=\"http:\/\/kiviniemenkartano.fi\/aitta\/wp-content\/uploads\/2018\/06\/kuisti-7_MG_6520.jpg\" alt=\"\" width=\"900\" height=\"724\" srcset=\"https:\/\/kiviniemenkartano.fi\/aitta\/wp-content\/uploads\/2018\/06\/kuisti-7_MG_6520.jpg 900w, https:\/\/kiviniemenkartano.fi\/aitta\/wp-content\/uploads\/2018\/06\/kuisti-7_MG_6520-300x241.jpg 300w, https:\/\/kiviniemenkartano.fi\/aitta\/wp-content\/uploads\/2018\/06\/kuisti-7_MG_6520-768x618.jpg 768w\" sizes=\"auto, (max-width: 767px) 89vw, (max-width: 1000px) 54vw, (max-width: 1071px) 543px, 580px\" \/><\/a><\/p>\n<p>Alla aitan remonttivaihe t\u00e4n\u00e4\u00e4n, kes\u00e4kuun alussa 2018. P\u00e4\u00e4dyss\u00e4 on porraskuisti ja edess\u00e4 terassit. Yhteinen ulkoporras vie sek\u00e4 kuistille ett\u00e4 terassille. Terassien v\u00e4lille tulee viel\u00e4 portaat ja yl\u00f6s luhtisolan eteen kaide.<\/p>\n<p><a href=\"http:\/\/kiviniemenkartano.fi\/aitta\/wp-content\/uploads\/2018\/06\/kuisti-8_MG_1698.jpg\"><img loading=\"lazy\" decoding=\"async\" class=\"alignnone size-full wp-image-147\" src=\"http:\/\/kiviniemenkartano.fi\/aitta\/wp-content\/uploads\/2018\/06\/kuisti-8_MG_1698.jpg\" alt=\"\" width=\"900\" height=\"665\" srcset=\"https:\/\/kiviniemenkartano.fi\/aitta\/wp-content\/uploads\/2018\/06\/kuisti-8_MG_1698.jpg 900w, https:\/\/kiviniemenkartano.fi\/aitta\/wp-content\/uploads\/2018\/06\/kuisti-8_MG_1698-300x222.jpg 300w, https:\/\/kiviniemenkartano.fi\/aitta\/wp-content\/uploads\/2018\/06\/kuisti-8_MG_1698-768x567.jpg 768w\" sizes=\"auto, (max-width: 767px) 89vw, (max-width: 1000px) 54vw, (max-width: 1071px) 543px, 580px\" \/><\/a><\/p>\n<p>Porraskuistista tekstipainotteinen artikkeli Maalla-lehdess\u00e4. Seuraava blogi kertoo ikkunoista.<\/p>\n","protected":false},"excerpt":{"rendered":"<p>Vanhan tavan mukaisesti aitan erillisiin aittahuoneisiin kuljettiin suoraan ulkoa. Alakerran terassilla ja yl\u00e4kerran luhtitasolla oli kummassakin kaksi ovea. Muutoksen yhteydess\u00e4 vanhat ovet j\u00e4iv\u00e4t ikkunoiksi ja aitan p\u00e4\u00e4tyy tehtiin uusi porraskuisti, jolta puhkaistiin oviaukot aitan p\u00e4\u00e4tyyn. Kuvassa n\u00e4kyv\u00e4t uudet korkeat oviaukot. Telineiden varassa aletaan koota puurunkoa. Kuistin runko on jykevist\u00e4 15 x 15 parruista: Kuisti pysyy &hellip; <\/p>\n<p class=\"link-more\"><a href=\"https:\/\/kiviniemenkartano.fi\/aitta\/2018\/06\/11\/osa-4-portaat\/\" class=\"more-link\">Jatka lukemista<span class=\"screen-reader-text\"> &#8221;Osa 4 &#8211; Portaat&#8221;<\/span><\/a><\/p>\n","protected":false},"author":1,"featured_media":0,"comment_status":"open","ping_status":"open","sticky":false,"template":"","format":"standard","meta":{"_exactmetrics_skip_tracking":false,"_exactmetrics_sitenote_active":false,"_exactmetrics_sitenote_note":"","_exactmetrics_sitenote_category":0,"footnotes":""},"categories":[1],"tags":[],"class_list":["post-134","post","type-post","status-publish","format-standard","hentry","category-yleinen"],"_links":{"self":[{"href":"https:\/\/kiviniemenkartano.fi\/aitta\/wp-json\/wp\/v2\/posts\/134","targetHints":{"allow":["GET"]}}],"collection":[{"href":"https:\/\/kiviniemenkartano.fi\/aitta\/wp-json\/wp\/v2\/posts"}],"about":[{"href":"https:\/\/kiviniemenkartano.fi\/aitta\/wp-json\/wp\/v2\/types\/post"}],"author":[{"embeddable":true,"href":"https:\/\/kiviniemenkartano.fi\/aitta\/wp-json\/wp\/v2\/users\/1"}],"replies":[{"embeddable":true,"href":"https:\/\/kiviniemenkartano.fi\/aitta\/wp-json\/wp\/v2\/comments?post=134"}],"version-history":[{"count":6,"href":"https:\/\/kiviniemenkartano.fi\/aitta\/wp-json\/wp\/v2\/posts\/134\/revisions"}],"predecessor-version":[{"id":148,"href":"https:\/\/kiviniemenkartano.fi\/aitta\/wp-json\/wp\/v2\/posts\/134\/revisions\/148"}],"wp:attachment":[{"href":"https:\/\/kiviniemenkartano.fi\/aitta\/wp-json\/wp\/v2\/media?parent=134"}],"wp:term":[{"taxonomy":"category","embeddable":true,"href":"https:\/\/kiviniemenkartano.fi\/aitta\/wp-json\/wp\/v2\/categories?post=134"},{"taxonomy":"post_tag","embeddable":true,"href":"https:\/\/kiviniemenkartano.fi\/aitta\/wp-json\/wp\/v2\/tags?post=134"}],"curies":[{"name":"wp","href":"https:\/\/api.w.org\/{rel}","templated":true}]}}