{"id":151,"date":"2018-07-25T10:23:19","date_gmt":"2018-07-25T07:23:19","guid":{"rendered":"http:\/\/kiviniemenkartano.fi\/aitta\/?p=151"},"modified":"2018-07-25T10:38:26","modified_gmt":"2018-07-25T07:38:26","slug":"osa-5-ikkunat","status":"publish","type":"post","link":"https:\/\/kiviniemenkartano.fi\/aitta\/2018\/07\/25\/osa-5-ikkunat\/","title":{"rendered":"Osa 5 \u2013 Ikkunat"},"content":{"rendered":"<p>Aitan kunnostamisessa ikkunoiden asentaminen oli suuri edistysaskel: sis\u00e4tilat saatiin l\u00e4mpimiksi. Vanhat sis\u00e4\u00e4np\u00e4in aukeavat ovet muutettiin ulosp\u00e4in aukeaviksi ikkunaluukuiksi ja sis\u00e4puolelle asennettiin kolmilasiset loft-henkiset ikkunat.<\/p>\n<p>Rakennusty\u00f6t alkavat olla loppusuoralla&#8230; &#8230;mutta pintak\u00e4isttelyosastolla on viel\u00e4 t\u00f6it\u00e4 j\u00e4ljell\u00e4:<\/p>\n<p><a href=\"http:\/\/kiviniemenkartano.fi\/aitta\/wp-content\/uploads\/2018\/07\/aitta-1_MG_1698.jpg\"><img loading=\"lazy\" decoding=\"async\" class=\"alignnone size-full wp-image-152\" src=\"http:\/\/kiviniemenkartano.fi\/aitta\/wp-content\/uploads\/2018\/07\/aitta-1_MG_1698.jpg\" alt=\"\" width=\"850\" height=\"631\" srcset=\"https:\/\/kiviniemenkartano.fi\/aitta\/wp-content\/uploads\/2018\/07\/aitta-1_MG_1698.jpg 850w, https:\/\/kiviniemenkartano.fi\/aitta\/wp-content\/uploads\/2018\/07\/aitta-1_MG_1698-300x223.jpg 300w, https:\/\/kiviniemenkartano.fi\/aitta\/wp-content\/uploads\/2018\/07\/aitta-1_MG_1698-768x570.jpg 768w\" sizes=\"auto, (max-width: 767px) 89vw, (max-width: 1000px) 54vw, (max-width: 1071px) 543px, 580px\" \/><\/a><\/p>\n<p>Ikkunoista tulvii valoa sis\u00e4\u00e4n:<\/p>\n<p><a href=\"http:\/\/kiviniemenkartano.fi\/aitta\/wp-content\/uploads\/2018\/07\/aitta-2_MG_2697.jpg\"><img loading=\"lazy\" decoding=\"async\" class=\"alignnone size-full wp-image-153\" src=\"http:\/\/kiviniemenkartano.fi\/aitta\/wp-content\/uploads\/2018\/07\/aitta-2_MG_2697.jpg\" alt=\"\" width=\"850\" height=\"567\" srcset=\"https:\/\/kiviniemenkartano.fi\/aitta\/wp-content\/uploads\/2018\/07\/aitta-2_MG_2697.jpg 850w, https:\/\/kiviniemenkartano.fi\/aitta\/wp-content\/uploads\/2018\/07\/aitta-2_MG_2697-300x200.jpg 300w, https:\/\/kiviniemenkartano.fi\/aitta\/wp-content\/uploads\/2018\/07\/aitta-2_MG_2697-768x512.jpg 768w\" sizes=\"auto, (max-width: 767px) 89vw, (max-width: 1000px) 54vw, (max-width: 1071px) 543px, 580px\" \/><\/a><\/p>\n<p>L\u00e4mp\u00f6lasi on yhten\u00e4 elementtin\u00e4:<\/p>\n<p><a href=\"http:\/\/kiviniemenkartano.fi\/aitta\/wp-content\/uploads\/2018\/07\/aitta-7_MG_1672.jpg\"><img loading=\"lazy\" decoding=\"async\" class=\"alignnone size-full wp-image-160\" src=\"http:\/\/kiviniemenkartano.fi\/aitta\/wp-content\/uploads\/2018\/07\/aitta-7_MG_1672.jpg\" alt=\"\" width=\"848\" height=\"362\" srcset=\"https:\/\/kiviniemenkartano.fi\/aitta\/wp-content\/uploads\/2018\/07\/aitta-7_MG_1672.jpg 848w, https:\/\/kiviniemenkartano.fi\/aitta\/wp-content\/uploads\/2018\/07\/aitta-7_MG_1672-300x128.jpg 300w, https:\/\/kiviniemenkartano.fi\/aitta\/wp-content\/uploads\/2018\/07\/aitta-7_MG_1672-768x328.jpg 768w\" sizes=\"auto, (max-width: 767px) 89vw, (max-width: 1000px) 54vw, (max-width: 1071px) 543px, 580px\" \/><\/a><\/p>\n<p>Porrasnousun ja sen ikkunan esikuva on p\u00e4\u00e4rakennuksesta:<\/p>\n<p><a href=\"http:\/\/kiviniemenkartano.fi\/aitta\/wp-content\/uploads\/2018\/07\/aitta-3_MG_2706.jpg\"><img loading=\"lazy\" decoding=\"async\" class=\"alignnone size-full wp-image-154\" src=\"http:\/\/kiviniemenkartano.fi\/aitta\/wp-content\/uploads\/2018\/07\/aitta-3_MG_2706.jpg\" alt=\"\" width=\"850\" height=\"567\" srcset=\"https:\/\/kiviniemenkartano.fi\/aitta\/wp-content\/uploads\/2018\/07\/aitta-3_MG_2706.jpg 850w, https:\/\/kiviniemenkartano.fi\/aitta\/wp-content\/uploads\/2018\/07\/aitta-3_MG_2706-300x200.jpg 300w, https:\/\/kiviniemenkartano.fi\/aitta\/wp-content\/uploads\/2018\/07\/aitta-3_MG_2706-768x512.jpg 768w\" sizes=\"auto, (max-width: 767px) 89vw, (max-width: 1000px) 54vw, (max-width: 1071px) 543px, 580px\" \/><\/a><\/p>\n<p>Samanlainen poka l\u00f6ytyi pihavarastosta. Alareunaan t\u00e4ytyy vaihtaa uusi puu. Piharakennusten pokilla ei ole useinkaan karmia, vaan poka on kiinnitetty suoraan sein\u00e4\u00e4n tai runkopuihin.<\/p>\n<p><a href=\"http:\/\/kiviniemenkartano.fi\/aitta\/wp-content\/uploads\/2018\/07\/aitta-4_MG_2705.jpg\"><img loading=\"lazy\" decoding=\"async\" class=\"alignnone size-full wp-image-155\" src=\"http:\/\/kiviniemenkartano.fi\/aitta\/wp-content\/uploads\/2018\/07\/aitta-4_MG_2705.jpg\" alt=\"\" width=\"850\" height=\"678\" srcset=\"https:\/\/kiviniemenkartano.fi\/aitta\/wp-content\/uploads\/2018\/07\/aitta-4_MG_2705.jpg 850w, https:\/\/kiviniemenkartano.fi\/aitta\/wp-content\/uploads\/2018\/07\/aitta-4_MG_2705-300x239.jpg 300w, https:\/\/kiviniemenkartano.fi\/aitta\/wp-content\/uploads\/2018\/07\/aitta-4_MG_2705-768x613.jpg 768w\" sizes=\"auto, (max-width: 767px) 89vw, (max-width: 1000px) 54vw, (max-width: 1071px) 543px, 580px\" \/><\/a><\/p>\n<p>Porraskuisti sis\u00e4lt\u00e4:<\/p>\n<p><a href=\"http:\/\/kiviniemenkartano.fi\/aitta\/wp-content\/uploads\/2018\/07\/aitta-5_MG_2694.jpg\"><img loading=\"lazy\" decoding=\"async\" class=\"alignnone size-large wp-image-156\" src=\"http:\/\/kiviniemenkartano.fi\/aitta\/wp-content\/uploads\/2018\/07\/aitta-5_MG_2694-676x1024.jpg\" alt=\"\" width=\"525\" height=\"795\" srcset=\"https:\/\/kiviniemenkartano.fi\/aitta\/wp-content\/uploads\/2018\/07\/aitta-5_MG_2694-676x1024.jpg 676w, https:\/\/kiviniemenkartano.fi\/aitta\/wp-content\/uploads\/2018\/07\/aitta-5_MG_2694-198x300.jpg 198w, https:\/\/kiviniemenkartano.fi\/aitta\/wp-content\/uploads\/2018\/07\/aitta-5_MG_2694-768x1163.jpg 768w, https:\/\/kiviniemenkartano.fi\/aitta\/wp-content\/uploads\/2018\/07\/aitta-5_MG_2694.jpg 835w\" sizes=\"auto, (max-width: 525px) 100vw, 525px\" \/><\/a><\/p>\n<p>Ikkunoiden asentamisessa on oltava huolellinen, jotta talon rungon ja karmin v\u00e4list\u00e4 ei tule vetoa. Uudet karmit ovat l\u00e4hes 30 senttimetri\u00e4 syv\u00e4t, joten niiden ja talon rungon v\u00e4liin j\u00e4\u00e4 pitk\u00e4 kapea aukko. Olemme ty\u00f6nt\u00e4neet pitk\u00e4ll\u00e4 tikulla aukkoon pellavarivett\u00e4 napakasti. Hyv\u00e4 eriste on kuohkeaa, joten eristett\u00e4 ei paukuteta, mutta esimerkiksi lattiaeristeeseen verrattuna eriste saa olla tiukemmin, jotta ilma ei kulje sen l\u00e4pi helpolla.<\/p>\n<p>Kuten muussakin erist\u00e4misess\u00e4 hyv\u00e4 lopputulos edellytt\u00e4\u00e4 ilmatiiveytt\u00e4. Periaatteessa ikkunalistat sis\u00e4ll\u00e4 ja ulkona sulkevat eristetilan, mutta ilmansulku on paikallaan t\u00e4ss\u00e4kin.<\/p>\n<p>Hengitt\u00e4v\u00e4n ja joustavan ilmansulun saa leikkaamalla pellavakankaasta kapean suikaleen, joka liimataan rungon ja karmin v\u00e4lisen aukon p\u00e4\u00e4lle. Kun kangas viel\u00e4 maalataan pellava\u00f6ljymaalilla, on se my\u00f6s hengitt\u00e4v\u00e4. Erityisesti tuulisilla saarilla kalasajat ovat k\u00e4ytt\u00e4neet vanhat purjeet tiivist\u00e4miseen.<\/p>\n<p>Ilmansulkupaperi ei ole yht\u00e4 joustava, mutta sill\u00e4kin voi varmistaa vedottomuuden. Jaana sanoi, ett\u00e4 ei laiteta liimaa, kun mahdollisen huollon yhteydess\u00e4 paperi repeilee inhottavasti. Kehyslista painaa paperin tiiviisti smyykipuuta vasten.<\/p>\n<p><a href=\"http:\/\/kiviniemenkartano.fi\/aitta\/wp-content\/uploads\/2018\/07\/aitta-6-_MG_2683.jpg\"><img loading=\"lazy\" decoding=\"async\" class=\"alignnone size-large wp-image-157\" src=\"http:\/\/kiviniemenkartano.fi\/aitta\/wp-content\/uploads\/2018\/07\/aitta-6-_MG_2683-779x1024.jpg\" alt=\"\" width=\"525\" height=\"690\" srcset=\"https:\/\/kiviniemenkartano.fi\/aitta\/wp-content\/uploads\/2018\/07\/aitta-6-_MG_2683-779x1024.jpg 779w, https:\/\/kiviniemenkartano.fi\/aitta\/wp-content\/uploads\/2018\/07\/aitta-6-_MG_2683-228x300.jpg 228w, https:\/\/kiviniemenkartano.fi\/aitta\/wp-content\/uploads\/2018\/07\/aitta-6-_MG_2683-768x1010.jpg 768w, https:\/\/kiviniemenkartano.fi\/aitta\/wp-content\/uploads\/2018\/07\/aitta-6-_MG_2683.jpg 841w\" sizes=\"auto, (max-width: 525px) 100vw, 525px\" \/><\/a><\/p>\n<p>Aitan sympaattisin ikkuna on yl\u00e4kerran makuuhuoneessa. Aitan p\u00e4\u00e4dyiss\u00e4 oli samanlaiset pienet ikkunat. Kun toiseen p\u00e4\u00e4tyyn puhkaistiin ovi, \u00a0j\u00e4i toinen poka ylim\u00e4\u00e4r\u00e4iseksi ja se siirrettiin toiselle pokalle pariksi.<\/p>\n<p><a href=\"http:\/\/kiviniemenkartano.fi\/aitta\/wp-content\/uploads\/2018\/07\/aitta-8-20180724_164842.jpg\"><img loading=\"lazy\" decoding=\"async\" class=\"alignnone size-full wp-image-162\" src=\"http:\/\/kiviniemenkartano.fi\/aitta\/wp-content\/uploads\/2018\/07\/aitta-8-20180724_164842.jpg\" alt=\"\" width=\"850\" height=\"450\" srcset=\"https:\/\/kiviniemenkartano.fi\/aitta\/wp-content\/uploads\/2018\/07\/aitta-8-20180724_164842.jpg 850w, https:\/\/kiviniemenkartano.fi\/aitta\/wp-content\/uploads\/2018\/07\/aitta-8-20180724_164842-300x159.jpg 300w, https:\/\/kiviniemenkartano.fi\/aitta\/wp-content\/uploads\/2018\/07\/aitta-8-20180724_164842-768x407.jpg 768w\" sizes=\"auto, (max-width: 767px) 89vw, (max-width: 1000px) 54vw, (max-width: 1071px) 543px, 580px\" \/><\/a><\/p>\n<p>Sama ikkuna ulkoa:<\/p>\n<p><a href=\"http:\/\/kiviniemenkartano.fi\/aitta\/wp-content\/uploads\/2018\/07\/aitta-9_MG_2707.jpg\"><img loading=\"lazy\" decoding=\"async\" class=\"alignnone size-full wp-image-163\" src=\"http:\/\/kiviniemenkartano.fi\/aitta\/wp-content\/uploads\/2018\/07\/aitta-9_MG_2707.jpg\" alt=\"\" width=\"850\" height=\"567\" srcset=\"https:\/\/kiviniemenkartano.fi\/aitta\/wp-content\/uploads\/2018\/07\/aitta-9_MG_2707.jpg 850w, https:\/\/kiviniemenkartano.fi\/aitta\/wp-content\/uploads\/2018\/07\/aitta-9_MG_2707-300x200.jpg 300w, https:\/\/kiviniemenkartano.fi\/aitta\/wp-content\/uploads\/2018\/07\/aitta-9_MG_2707-768x512.jpg 768w\" sizes=\"auto, (max-width: 767px) 89vw, (max-width: 1000px) 54vw, (max-width: 1071px) 543px, 580px\" \/><\/a><\/p>\n<p>Seuraavassa blogissa ja Maalla-lehden artikkelissa k\u00e4sitell\u00e4\u00e4n permantolautoja.<\/p>\n<p>Hyv\u00e4\u00e4 remonttikes\u00e4n jatkoa!<\/p>\n<p>Hannu<\/p>\n","protected":false},"excerpt":{"rendered":"<p>Aitan kunnostamisessa ikkunoiden asentaminen oli suuri edistysaskel: sis\u00e4tilat saatiin l\u00e4mpimiksi. Vanhat sis\u00e4\u00e4np\u00e4in aukeavat ovet muutettiin ulosp\u00e4in aukeaviksi ikkunaluukuiksi ja sis\u00e4puolelle asennettiin kolmilasiset loft-henkiset ikkunat. Rakennusty\u00f6t alkavat olla loppusuoralla&#8230; &#8230;mutta pintak\u00e4isttelyosastolla on viel\u00e4 t\u00f6it\u00e4 j\u00e4ljell\u00e4: Ikkunoista tulvii valoa sis\u00e4\u00e4n: L\u00e4mp\u00f6lasi on yhten\u00e4 elementtin\u00e4: Porrasnousun ja sen ikkunan esikuva on p\u00e4\u00e4rakennuksesta: Samanlainen poka l\u00f6ytyi pihavarastosta. Alareunaan t\u00e4ytyy &hellip; <\/p>\n<p class=\"link-more\"><a href=\"https:\/\/kiviniemenkartano.fi\/aitta\/2018\/07\/25\/osa-5-ikkunat\/\" class=\"more-link\">Jatka lukemista<span class=\"screen-reader-text\"> &#8221;Osa 5 \u2013 Ikkunat&#8221;<\/span><\/a><\/p>\n","protected":false},"author":1,"featured_media":0,"comment_status":"open","ping_status":"open","sticky":false,"template":"","format":"standard","meta":{"_exactmetrics_skip_tracking":false,"_exactmetrics_sitenote_active":false,"_exactmetrics_sitenote_note":"","_exactmetrics_sitenote_category":0,"footnotes":""},"categories":[1],"tags":[],"class_list":["post-151","post","type-post","status-publish","format-standard","hentry","category-yleinen"],"_links":{"self":[{"href":"https:\/\/kiviniemenkartano.fi\/aitta\/wp-json\/wp\/v2\/posts\/151","targetHints":{"allow":["GET"]}}],"collection":[{"href":"https:\/\/kiviniemenkartano.fi\/aitta\/wp-json\/wp\/v2\/posts"}],"about":[{"href":"https:\/\/kiviniemenkartano.fi\/aitta\/wp-json\/wp\/v2\/types\/post"}],"author":[{"embeddable":true,"href":"https:\/\/kiviniemenkartano.fi\/aitta\/wp-json\/wp\/v2\/users\/1"}],"replies":[{"embeddable":true,"href":"https:\/\/kiviniemenkartano.fi\/aitta\/wp-json\/wp\/v2\/comments?post=151"}],"version-history":[{"count":4,"href":"https:\/\/kiviniemenkartano.fi\/aitta\/wp-json\/wp\/v2\/posts\/151\/revisions"}],"predecessor-version":[{"id":164,"href":"https:\/\/kiviniemenkartano.fi\/aitta\/wp-json\/wp\/v2\/posts\/151\/revisions\/164"}],"wp:attachment":[{"href":"https:\/\/kiviniemenkartano.fi\/aitta\/wp-json\/wp\/v2\/media?parent=151"}],"wp:term":[{"taxonomy":"category","embeddable":true,"href":"https:\/\/kiviniemenkartano.fi\/aitta\/wp-json\/wp\/v2\/categories?post=151"},{"taxonomy":"post_tag","embeddable":true,"href":"https:\/\/kiviniemenkartano.fi\/aitta\/wp-json\/wp\/v2\/tags?post=151"}],"curies":[{"name":"wp","href":"https:\/\/api.w.org\/{rel}","templated":true}]}}