{"id":166,"date":"2018-09-03T12:43:12","date_gmt":"2018-09-03T09:43:12","guid":{"rendered":"http:\/\/kiviniemenkartano.fi\/aitta\/?p=166"},"modified":"2018-09-03T14:52:08","modified_gmt":"2018-09-03T11:52:08","slug":"osa-6-permanto","status":"publish","type":"post","link":"https:\/\/kiviniemenkartano.fi\/aitta\/2018\/09\/03\/osa-6-permanto\/","title":{"rendered":"Osa 6 \u2013 Permanto"},"content":{"rendered":"<p>Aitan yl\u00e4kerrassa oli melko siistit 1930-luvun lattialankut, jotka siirrettiin alakerran verstashuoneisiin. Alakerrassa oli huonossa kunnossa olevat 1820-luvun lankut, jotka puolestaan siirrettiin aitan taakse rakennettuun varastoon. Yl\u00e4kerran vierashuoneeseen ja eteiseen hankittiin uudet lankut.<\/p>\n<p>Alakerran lattian purku. Oven edess\u00e4 n\u00e4kyy, kuinka kannatinpalkit ovat suoraan maata vasten \u2013 osittain v\u00e4\u00e4r\u00e4n rakennustavan takia, osittain aitan vajoamisen takia.<\/p>\n<p><a href=\"http:\/\/kiviniemenkartano.fi\/aitta\/wp-content\/uploads\/2018\/09\/permanto1.jpg\"><img loading=\"lazy\" decoding=\"async\" class=\"alignnone size-full wp-image-168\" src=\"http:\/\/kiviniemenkartano.fi\/aitta\/wp-content\/uploads\/2018\/09\/permanto1.jpg\" alt=\"\" width=\"850\" height=\"567\" srcset=\"https:\/\/kiviniemenkartano.fi\/aitta\/wp-content\/uploads\/2018\/09\/permanto1.jpg 850w, https:\/\/kiviniemenkartano.fi\/aitta\/wp-content\/uploads\/2018\/09\/permanto1-300x200.jpg 300w, https:\/\/kiviniemenkartano.fi\/aitta\/wp-content\/uploads\/2018\/09\/permanto1-768x512.jpg 768w\" sizes=\"auto, (max-width: 767px) 89vw, (max-width: 1000px) 54vw, (max-width: 1071px) 543px, 580px\" \/><\/a><\/p>\n<p>Samaiset vilja-aitan lattialaudat varaston lattiana aitan takana. Melkoiset raot ja hiirien sy\u00f6m\u00e4t rei\u00e4t.<\/p>\n<p><a href=\"http:\/\/kiviniemenkartano.fi\/aitta\/wp-content\/uploads\/2018\/09\/permanto9-20170605_115325.jpg\"><img loading=\"lazy\" decoding=\"async\" class=\"alignnone size-full wp-image-181\" src=\"http:\/\/kiviniemenkartano.fi\/aitta\/wp-content\/uploads\/2018\/09\/permanto9-20170605_115325.jpg\" alt=\"\" width=\"850\" height=\"478\" srcset=\"https:\/\/kiviniemenkartano.fi\/aitta\/wp-content\/uploads\/2018\/09\/permanto9-20170605_115325.jpg 850w, https:\/\/kiviniemenkartano.fi\/aitta\/wp-content\/uploads\/2018\/09\/permanto9-20170605_115325-300x169.jpg 300w, https:\/\/kiviniemenkartano.fi\/aitta\/wp-content\/uploads\/2018\/09\/permanto9-20170605_115325-768x432.jpg 768w\" sizes=\"auto, (max-width: 767px) 89vw, (max-width: 1000px) 54vw, (max-width: 1071px) 543px, 580px\" \/><\/a><\/p>\n<p>Lattia makasi osittain aitan sis\u00e4lle j\u00e4\u00e4neen suuren kiven p\u00e4\u00e4ll\u00e4.<\/p>\n<p><a href=\"http:\/\/kiviniemenkartano.fi\/aitta\/wp-content\/uploads\/2018\/09\/permanto2-IMG_2975.jpg\"><img loading=\"lazy\" decoding=\"async\" class=\"alignnone size-full wp-image-171\" src=\"http:\/\/kiviniemenkartano.fi\/aitta\/wp-content\/uploads\/2018\/09\/permanto2-IMG_2975.jpg\" alt=\"\" width=\"650\" height=\"433\" srcset=\"https:\/\/kiviniemenkartano.fi\/aitta\/wp-content\/uploads\/2018\/09\/permanto2-IMG_2975.jpg 650w, https:\/\/kiviniemenkartano.fi\/aitta\/wp-content\/uploads\/2018\/09\/permanto2-IMG_2975-300x200.jpg 300w\" sizes=\"auto, (max-width: 650px) 100vw, 650px\" \/><\/a><\/p>\n<p>Lattian purkamisen j\u00e4lkeen aitta nostettiin pois paikaltaan. Maa-aines talon alla vaihdettiin, perustukset uusittiin ja ennen aitan nostamista takaisin paikoilleen rakennettiin nelj\u00e4 kerrosta hirsisein\u00e4\u00e4. Korotuksen ansiosta alapohjaan saatiin eristetila ja huonekorkeutta lis\u00e4tty\u00e4 30 senttimetri\u00e4.<\/p>\n<p><a href=\"http:\/\/kiviniemenkartano.fi\/aitta\/wp-content\/uploads\/2018\/09\/permanto3_MG_5626.jpg\"><img loading=\"lazy\" decoding=\"async\" class=\"alignnone size-full wp-image-172\" src=\"http:\/\/kiviniemenkartano.fi\/aitta\/wp-content\/uploads\/2018\/09\/permanto3_MG_5626.jpg\" alt=\"\" width=\"650\" height=\"433\" srcset=\"https:\/\/kiviniemenkartano.fi\/aitta\/wp-content\/uploads\/2018\/09\/permanto3_MG_5626.jpg 650w, https:\/\/kiviniemenkartano.fi\/aitta\/wp-content\/uploads\/2018\/09\/permanto3_MG_5626-300x200.jpg 300w\" sizes=\"auto, (max-width: 650px) 100vw, 650px\" \/><\/a><\/p>\n<p>Eristeen p\u00e4\u00e4lle laitetaan ilmansuluksi paperointi. Koska lattialankut eiv\u00e4t ole pontattuja, olisi ollut todenn\u00e4k\u00f6ista, ett\u00e4 verstahuoneessa lankkujen v\u00e4list\u00e4 olisi valunut paljon isoja roskia. Jotta lankkujen ja paperin v\u00e4li ei t\u00e4yttyisi r\u00f6hn\u00e4st\u00e4, laitoin ilmansuluksi puukuitulevyn. Reunassa on paperikaistale, joka kiilataan jalkalistan taakse.<\/p>\n<p><a href=\"http:\/\/kiviniemenkartano.fi\/aitta\/wp-content\/uploads\/2018\/09\/permanto4_MG_6065-1.jpg\"><img loading=\"lazy\" decoding=\"async\" class=\"alignnone size-full wp-image-174\" src=\"http:\/\/kiviniemenkartano.fi\/aitta\/wp-content\/uploads\/2018\/09\/permanto4_MG_6065-1.jpg\" alt=\"\" width=\"850\" height=\"567\" srcset=\"https:\/\/kiviniemenkartano.fi\/aitta\/wp-content\/uploads\/2018\/09\/permanto4_MG_6065-1.jpg 850w, https:\/\/kiviniemenkartano.fi\/aitta\/wp-content\/uploads\/2018\/09\/permanto4_MG_6065-1-300x200.jpg 300w, https:\/\/kiviniemenkartano.fi\/aitta\/wp-content\/uploads\/2018\/09\/permanto4_MG_6065-1-768x512.jpg 768w\" sizes=\"auto, (max-width: 767px) 89vw, (max-width: 1000px) 54vw, (max-width: 1071px) 543px, 580px\" \/><\/a><\/p>\n<p>Verstaan lattia valmiina.<\/p>\n<p><a href=\"http:\/\/kiviniemenkartano.fi\/aitta\/wp-content\/uploads\/2018\/09\/permanto6_MG_1844.jpg\"><img loading=\"lazy\" decoding=\"async\" class=\"alignnone size-large wp-image-176\" src=\"http:\/\/kiviniemenkartano.fi\/aitta\/wp-content\/uploads\/2018\/09\/permanto6_MG_1844-683x1024.jpg\" alt=\"\" width=\"525\" height=\"787\" srcset=\"https:\/\/kiviniemenkartano.fi\/aitta\/wp-content\/uploads\/2018\/09\/permanto6_MG_1844-683x1024.jpg 683w, https:\/\/kiviniemenkartano.fi\/aitta\/wp-content\/uploads\/2018\/09\/permanto6_MG_1844-200x300.jpg 200w, https:\/\/kiviniemenkartano.fi\/aitta\/wp-content\/uploads\/2018\/09\/permanto6_MG_1844-768x1152.jpg 768w, https:\/\/kiviniemenkartano.fi\/aitta\/wp-content\/uploads\/2018\/09\/permanto6_MG_1844.jpg 850w\" sizes=\"auto, (max-width: 525px) 100vw, 525px\" \/><\/a><\/p>\n<p>Yl\u00e4kerran lankkujen alla on paperointi. Uudet lankut ovat kooltaan \u00a050&#215;200 mm, ja ne paukutettiin kiinni p\u00e4\u00e4lt\u00e4 hakaten.<\/p>\n<p><a href=\"http:\/\/kiviniemenkartano.fi\/aitta\/wp-content\/uploads\/2018\/09\/permanto5_MG_6617.jpg\"><img loading=\"lazy\" decoding=\"async\" class=\"alignnone size-large wp-image-175\" src=\"http:\/\/kiviniemenkartano.fi\/aitta\/wp-content\/uploads\/2018\/09\/permanto5_MG_6617-683x1024.jpg\" alt=\"\" width=\"525\" height=\"787\" srcset=\"https:\/\/kiviniemenkartano.fi\/aitta\/wp-content\/uploads\/2018\/09\/permanto5_MG_6617-683x1024.jpg 683w, https:\/\/kiviniemenkartano.fi\/aitta\/wp-content\/uploads\/2018\/09\/permanto5_MG_6617-200x300.jpg 200w, https:\/\/kiviniemenkartano.fi\/aitta\/wp-content\/uploads\/2018\/09\/permanto5_MG_6617-768x1152.jpg 768w, https:\/\/kiviniemenkartano.fi\/aitta\/wp-content\/uploads\/2018\/09\/permanto5_MG_6617.jpg 850w\" sizes=\"auto, (max-width: 525px) 100vw, 525px\" \/><\/a><\/p>\n<p>Jalkalista tehtiin huoneen mittasuhteisiin sopivasta j\u00e4re\u00e4st\u00e4 kakkoskutosesta, jonka etureunasta viistettiin yl\u00e4jyrsimell\u00e4 pois pieni pala. Lattialaudat ovat tarkoituksella hieman lyhyet, jotta sein\u00e4n v\u00e4liin j\u00e4\u00e4 pieni rako tiivisteelle.\u00a0Suorat lankut ja hieman aaltoilevat hirret eiv\u00e4t menisi aivan tiiviisti toisiaan vasten, joten rakoon saa peremmin sullottua pellavarivett\u00e4, joka\u00a0painaa ilmansulkupaperin tiiviisti sein\u00e4\u00e4 vasten.<\/p>\n<p>Permantolankut tarvitsevat my\u00f6s hieman liikkumavaraa.<\/p>\n<p><a href=\"http:\/\/kiviniemenkartano.fi\/aitta\/wp-content\/uploads\/2018\/09\/permanto8_MG_2533.jpg\"><img loading=\"lazy\" decoding=\"async\" class=\"alignnone size-full wp-image-178\" src=\"http:\/\/kiviniemenkartano.fi\/aitta\/wp-content\/uploads\/2018\/09\/permanto8_MG_2533.jpg\" alt=\"\" width=\"850\" height=\"567\" srcset=\"https:\/\/kiviniemenkartano.fi\/aitta\/wp-content\/uploads\/2018\/09\/permanto8_MG_2533.jpg 850w, https:\/\/kiviniemenkartano.fi\/aitta\/wp-content\/uploads\/2018\/09\/permanto8_MG_2533-300x200.jpg 300w, https:\/\/kiviniemenkartano.fi\/aitta\/wp-content\/uploads\/2018\/09\/permanto8_MG_2533-768x512.jpg 768w\" sizes=\"auto, (max-width: 767px) 89vw, (max-width: 1000px) 54vw, (max-width: 1071px) 543px, 580px\" \/><\/a><\/p>\n<p>Saman huoneen lattian suopakuuraus meneill\u00e4\u00e4n.<\/p>\n<p><a href=\"http:\/\/kiviniemenkartano.fi\/aitta\/wp-content\/uploads\/2018\/09\/permanto7_MG_2760.jpg\"><img loading=\"lazy\" decoding=\"async\" class=\"alignnone size-full wp-image-177\" src=\"http:\/\/kiviniemenkartano.fi\/aitta\/wp-content\/uploads\/2018\/09\/permanto7_MG_2760.jpg\" alt=\"\" width=\"850\" height=\"567\" srcset=\"https:\/\/kiviniemenkartano.fi\/aitta\/wp-content\/uploads\/2018\/09\/permanto7_MG_2760.jpg 850w, https:\/\/kiviniemenkartano.fi\/aitta\/wp-content\/uploads\/2018\/09\/permanto7_MG_2760-300x200.jpg 300w, https:\/\/kiviniemenkartano.fi\/aitta\/wp-content\/uploads\/2018\/09\/permanto7_MG_2760-768x512.jpg 768w\" sizes=\"auto, (max-width: 767px) 89vw, (max-width: 1000px) 54vw, (max-width: 1071px) 543px, 580px\" \/><\/a><\/p>\n<p>Seuraavassa blogissa n\u00e4et huoneen kalustettuna ja kamiinassa tulen.<\/p>\n<p>Lis\u00e4\u00e4 perinnerakentamisesta osoitteessa <a href=\"http:\/\/perinnemestari.fi\" target=\"_blank\" rel=\"noopener\">perinnemestari.fi<\/a>. Vanhan rakennuksen laajentamisesta ja muuttamisesta talvik\u00e4ytt\u00f6\u00f6n on vinkkej\u00e4 ja ohjeita <a href=\"http:\/\/kauppa.perinnemestari.fi\/tuote\/perinnemestarin-kesamokki\/\" target=\"_blank\" rel=\"noopener\">Perinnemestarin Kes\u00e4m\u00f6kki<\/a> -kirjassa.<\/p>\n<p>Tekstipainotteisempi tarina aitan muutoksesta on luettavissa Maalla-lehdess\u00e4.<\/p>\n<p>Hyv\u00e4\u00e4 syksy\u00e4!<\/p>\n<p>Hannu<\/p>\n<p>&nbsp;<\/p>\n","protected":false},"excerpt":{"rendered":"<p>Aitan yl\u00e4kerrassa oli melko siistit 1930-luvun lattialankut, jotka siirrettiin alakerran verstashuoneisiin. Alakerrassa oli huonossa kunnossa olevat 1820-luvun lankut, jotka puolestaan siirrettiin aitan taakse rakennettuun varastoon. Yl\u00e4kerran vierashuoneeseen ja eteiseen hankittiin uudet lankut. Alakerran lattian purku. Oven edess\u00e4 n\u00e4kyy, kuinka kannatinpalkit ovat suoraan maata vasten \u2013 osittain v\u00e4\u00e4r\u00e4n rakennustavan takia, osittain aitan vajoamisen takia. Samaiset vilja-aitan &hellip; <\/p>\n<p class=\"link-more\"><a href=\"https:\/\/kiviniemenkartano.fi\/aitta\/2018\/09\/03\/osa-6-permanto\/\" class=\"more-link\">Jatka lukemista<span class=\"screen-reader-text\"> &#8221;Osa 6 \u2013 Permanto&#8221;<\/span><\/a><\/p>\n","protected":false},"author":1,"featured_media":0,"comment_status":"open","ping_status":"open","sticky":false,"template":"","format":"standard","meta":{"_exactmetrics_skip_tracking":false,"_exactmetrics_sitenote_active":false,"_exactmetrics_sitenote_note":"","_exactmetrics_sitenote_category":0,"footnotes":""},"categories":[1],"tags":[],"class_list":["post-166","post","type-post","status-publish","format-standard","hentry","category-yleinen"],"_links":{"self":[{"href":"https:\/\/kiviniemenkartano.fi\/aitta\/wp-json\/wp\/v2\/posts\/166","targetHints":{"allow":["GET"]}}],"collection":[{"href":"https:\/\/kiviniemenkartano.fi\/aitta\/wp-json\/wp\/v2\/posts"}],"about":[{"href":"https:\/\/kiviniemenkartano.fi\/aitta\/wp-json\/wp\/v2\/types\/post"}],"author":[{"embeddable":true,"href":"https:\/\/kiviniemenkartano.fi\/aitta\/wp-json\/wp\/v2\/users\/1"}],"replies":[{"embeddable":true,"href":"https:\/\/kiviniemenkartano.fi\/aitta\/wp-json\/wp\/v2\/comments?post=166"}],"version-history":[{"count":5,"href":"https:\/\/kiviniemenkartano.fi\/aitta\/wp-json\/wp\/v2\/posts\/166\/revisions"}],"predecessor-version":[{"id":182,"href":"https:\/\/kiviniemenkartano.fi\/aitta\/wp-json\/wp\/v2\/posts\/166\/revisions\/182"}],"wp:attachment":[{"href":"https:\/\/kiviniemenkartano.fi\/aitta\/wp-json\/wp\/v2\/media?parent=166"}],"wp:term":[{"taxonomy":"category","embeddable":true,"href":"https:\/\/kiviniemenkartano.fi\/aitta\/wp-json\/wp\/v2\/categories?post=166"},{"taxonomy":"post_tag","embeddable":true,"href":"https:\/\/kiviniemenkartano.fi\/aitta\/wp-json\/wp\/v2\/tags?post=166"}],"curies":[{"name":"wp","href":"https:\/\/api.w.org\/{rel}","templated":true}]}}