{"id":193,"date":"2018-10-05T10:13:05","date_gmt":"2018-10-05T07:13:05","guid":{"rendered":"http:\/\/kiviniemenkartano.fi\/aitta\/?p=193"},"modified":"2018-10-05T11:17:45","modified_gmt":"2018-10-05T08:17:45","slug":"osa-8-eristaminen","status":"publish","type":"post","link":"https:\/\/kiviniemenkartano.fi\/aitta\/2018\/10\/05\/osa-8-eristaminen\/","title":{"rendered":"Osa 8 &#8211; Erist\u00e4minen"},"content":{"rendered":"<p>Kaksisataa vuotta vanha aitta oli tarkoitettu varastoksi, joten sen ala-, v\u00e4li- ja yl\u00e4pohja olivat erist\u00e4m\u00e4tt\u00f6m\u00e4t. Sein\u00e4t ovat tuhtia hirtt\u00e4, mutta niiden v\u00e4leiss\u00e4 ei ole sammaleita tai rivett\u00e4. Muutosty\u00f6ss\u00e4 aitasta haluttiin ymp\u00e4rivuotiseen k\u00e4ytt\u00f6\u00f6n soveltuva.<\/p>\n<p>Aitan korkeus kasvoi noin metrill\u00e4, kun rakennusta korotettiin alhaalta nelj\u00e4ll\u00e4 hirsikerralla (puolet eristeelle, puolet huonekorkeudelle) ja yl\u00e4pohjaan tuli nykym\u00e4\u00e4r\u00e4ysten mukainen l\u00e4hes 40 senttimetrin eristekerros. Sein\u00e4t saatiin l\u00e4mpimiksi lis\u00e4\u00e4m\u00e4ll\u00e4 ulkopuolelle kymmenen senttimetri\u00e4 puukuitueristett\u00e4 ja j\u00e4lkirive\u00e4m\u00e4ll\u00e4 hirsien v\u00e4lit sis\u00e4puolelta.<\/p>\n<p>Erist\u00e4mist\u00e4 varten sein\u00e4t koolattiin. L\u00e4hemp\u00e4n\u00e4 runkoa on pystykoolaus, joka oikaisee sein\u00e4n. Pinnassa on vaakakoolaus, jonka varaan nakuteltiin pystylaudoitus.<\/p>\n<p><a href=\"http:\/\/kiviniemenkartano.fi\/aitta\/wp-content\/uploads\/2018\/10\/aitta-a.jpg\"><img loading=\"lazy\" decoding=\"async\" class=\"alignnone size-full wp-image-195\" src=\"http:\/\/kiviniemenkartano.fi\/aitta\/wp-content\/uploads\/2018\/10\/aitta-a.jpg\" alt=\"\" width=\"850\" height=\"666\" srcset=\"https:\/\/kiviniemenkartano.fi\/aitta\/wp-content\/uploads\/2018\/10\/aitta-a.jpg 850w, https:\/\/kiviniemenkartano.fi\/aitta\/wp-content\/uploads\/2018\/10\/aitta-a-300x235.jpg 300w, https:\/\/kiviniemenkartano.fi\/aitta\/wp-content\/uploads\/2018\/10\/aitta-a-768x602.jpg 768w\" sizes=\"auto, (max-width: 767px) 89vw, (max-width: 1000px) 54vw, (max-width: 1071px) 543px, 580px\" \/><\/a><\/p>\n<p>Eriste puhalletaan m\u00e4rk\u00e4n\u00e4 ristikon lomaan.<\/p>\n<p><a href=\"http:\/\/kiviniemenkartano.fi\/aitta\/wp-content\/uploads\/2018\/10\/aitta-b.jpg\"><img loading=\"lazy\" decoding=\"async\" class=\"alignnone size-full wp-image-197\" src=\"http:\/\/kiviniemenkartano.fi\/aitta\/wp-content\/uploads\/2018\/10\/aitta-b.jpg\" alt=\"\" width=\"850\" height=\"915\" srcset=\"https:\/\/kiviniemenkartano.fi\/aitta\/wp-content\/uploads\/2018\/10\/aitta-b.jpg 850w, https:\/\/kiviniemenkartano.fi\/aitta\/wp-content\/uploads\/2018\/10\/aitta-b-279x300.jpg 279w, https:\/\/kiviniemenkartano.fi\/aitta\/wp-content\/uploads\/2018\/10\/aitta-b-768x827.jpg 768w\" sizes=\"auto, (max-width: 767px) 89vw, (max-width: 1000px) 54vw, (max-width: 1071px) 543px, 580px\" \/><\/a><\/p>\n<p>Liiman ja veden ansiosta eristeell\u00e4 voi tehd\u00e4 jopa ulkokulmat tarkkaan muotoon.<\/p>\n<p><a href=\"http:\/\/kiviniemenkartano.fi\/aitta\/wp-content\/uploads\/2018\/10\/aitta-c.jpg\"><img loading=\"lazy\" decoding=\"async\" class=\"alignnone size-full wp-image-198\" src=\"http:\/\/kiviniemenkartano.fi\/aitta\/wp-content\/uploads\/2018\/10\/aitta-c.jpg\" alt=\"\" width=\"850\" height=\"777\" srcset=\"https:\/\/kiviniemenkartano.fi\/aitta\/wp-content\/uploads\/2018\/10\/aitta-c.jpg 850w, https:\/\/kiviniemenkartano.fi\/aitta\/wp-content\/uploads\/2018\/10\/aitta-c-300x274.jpg 300w, https:\/\/kiviniemenkartano.fi\/aitta\/wp-content\/uploads\/2018\/10\/aitta-c-768x702.jpg 768w\" sizes=\"auto, (max-width: 767px) 89vw, (max-width: 1000px) 54vw, (max-width: 1071px) 543px, 580px\" \/><\/a><\/p>\n<p>Villan p\u00e4\u00e4lle naulattiin tuulensuojalevy:<\/p>\n<p><a href=\"http:\/\/kiviniemenkartano.fi\/aitta\/wp-content\/uploads\/2018\/10\/aitta-d.jpg\"><img loading=\"lazy\" decoding=\"async\" class=\"alignnone size-full wp-image-200\" src=\"http:\/\/kiviniemenkartano.fi\/aitta\/wp-content\/uploads\/2018\/10\/aitta-d.jpg\" alt=\"\" width=\"850\" height=\"567\" srcset=\"https:\/\/kiviniemenkartano.fi\/aitta\/wp-content\/uploads\/2018\/10\/aitta-d.jpg 850w, https:\/\/kiviniemenkartano.fi\/aitta\/wp-content\/uploads\/2018\/10\/aitta-d-300x200.jpg 300w, https:\/\/kiviniemenkartano.fi\/aitta\/wp-content\/uploads\/2018\/10\/aitta-d-768x512.jpg 768w\" sizes=\"auto, (max-width: 767px) 89vw, (max-width: 1000px) 54vw, (max-width: 1071px) 543px, 580px\" \/><\/a><\/p>\n<p>Selluvillan asentajat puhalsivat samalla k\u00e4ynnill\u00e4 ala- ja v\u00e4lipohjan eristeet:<\/p>\n<p><a href=\"http:\/\/kiviniemenkartano.fi\/aitta\/wp-content\/uploads\/2018\/10\/aitta-e.jpg\"><img loading=\"lazy\" decoding=\"async\" class=\"alignnone size-full wp-image-202\" src=\"http:\/\/kiviniemenkartano.fi\/aitta\/wp-content\/uploads\/2018\/10\/aitta-e.jpg\" alt=\"\" width=\"850\" height=\"567\" srcset=\"https:\/\/kiviniemenkartano.fi\/aitta\/wp-content\/uploads\/2018\/10\/aitta-e.jpg 850w, https:\/\/kiviniemenkartano.fi\/aitta\/wp-content\/uploads\/2018\/10\/aitta-e-300x200.jpg 300w, https:\/\/kiviniemenkartano.fi\/aitta\/wp-content\/uploads\/2018\/10\/aitta-e-768x512.jpg 768w\" sizes=\"auto, (max-width: 767px) 89vw, (max-width: 1000px) 54vw, (max-width: 1071px) 543px, 580px\" \/><\/a><\/p>\n<p>Eristett\u00e4 puhalletaan reilusti yli palkiston. Jaana painelee villoja lattianiskojen tasalle:<\/p>\n<p><a href=\"http:\/\/kiviniemenkartano.fi\/aitta\/wp-content\/uploads\/2018\/10\/aitta-f.jpg\"><img loading=\"lazy\" decoding=\"async\" class=\"alignnone size-full wp-image-203\" src=\"http:\/\/kiviniemenkartano.fi\/aitta\/wp-content\/uploads\/2018\/10\/aitta-f.jpg\" alt=\"\" width=\"850\" height=\"1275\" srcset=\"https:\/\/kiviniemenkartano.fi\/aitta\/wp-content\/uploads\/2018\/10\/aitta-f.jpg 850w, https:\/\/kiviniemenkartano.fi\/aitta\/wp-content\/uploads\/2018\/10\/aitta-f-200x300.jpg 200w, https:\/\/kiviniemenkartano.fi\/aitta\/wp-content\/uploads\/2018\/10\/aitta-f-768x1152.jpg 768w, https:\/\/kiviniemenkartano.fi\/aitta\/wp-content\/uploads\/2018\/10\/aitta-f-683x1024.jpg 683w\" sizes=\"auto, (max-width: 767px) 89vw, (max-width: 1000px) 54vw, (max-width: 1071px) 543px, 580px\" \/><\/a><\/p>\n<p>T\u00e4m\u00e4n p\u00e4\u00e4lle viel\u00e4 vetoa est\u00e4v\u00e4 paperointi ja lankut:<\/p>\n<p><a href=\"http:\/\/kiviniemenkartano.fi\/aitta\/wp-content\/uploads\/2018\/10\/aitta-g.jpg\"><img loading=\"lazy\" decoding=\"async\" class=\"alignnone size-full wp-image-204\" src=\"http:\/\/kiviniemenkartano.fi\/aitta\/wp-content\/uploads\/2018\/10\/aitta-g.jpg\" alt=\"\" width=\"850\" height=\"567\" srcset=\"https:\/\/kiviniemenkartano.fi\/aitta\/wp-content\/uploads\/2018\/10\/aitta-g.jpg 850w, https:\/\/kiviniemenkartano.fi\/aitta\/wp-content\/uploads\/2018\/10\/aitta-g-300x200.jpg 300w, https:\/\/kiviniemenkartano.fi\/aitta\/wp-content\/uploads\/2018\/10\/aitta-g-768x512.jpg 768w\" sizes=\"auto, (max-width: 767px) 89vw, (max-width: 1000px) 54vw, (max-width: 1071px) 543px, 580px\" \/><\/a><\/p>\n<p>Yl\u00e4kerran kylpyhuoneen seiniss\u00e4 on koolaus, joiden v\u00e4lit t\u00e4ytettiin puukuitueristeell\u00e4. Laatat kiinnitettiin sementtilevyyn, jollainen n\u00e4kyy oikealla takasein\u00e4ll\u00e4.<\/p>\n<p><a href=\"http:\/\/kiviniemenkartano.fi\/aitta\/wp-content\/uploads\/2018\/10\/aitta-h.jpg\"><img loading=\"lazy\" decoding=\"async\" class=\"alignnone size-full wp-image-206\" src=\"http:\/\/kiviniemenkartano.fi\/aitta\/wp-content\/uploads\/2018\/10\/aitta-h.jpg\" alt=\"\" width=\"850\" height=\"567\" srcset=\"https:\/\/kiviniemenkartano.fi\/aitta\/wp-content\/uploads\/2018\/10\/aitta-h.jpg 850w, https:\/\/kiviniemenkartano.fi\/aitta\/wp-content\/uploads\/2018\/10\/aitta-h-300x200.jpg 300w, https:\/\/kiviniemenkartano.fi\/aitta\/wp-content\/uploads\/2018\/10\/aitta-h-768x512.jpg 768w\" sizes=\"auto, (max-width: 767px) 89vw, (max-width: 1000px) 54vw, (max-width: 1071px) 543px, 580px\" \/><\/a><\/p>\n<p>Ei niin pient\u00e4 koloa, ettei sit\u00e4 voisi &#8211; tai pid\u00e4 &#8211; tiivist\u00e4\u00e4. T\u00e4ss\u00e4 ty\u00f6nn\u00e4n eristett\u00e4 rungon ja karmin v\u00e4liseen rakoon ennen vuorilistan asentamista.<\/p>\n<p><a href=\"http:\/\/kiviniemenkartano.fi\/aitta\/wp-content\/uploads\/2018\/10\/aitta-i.jpg\"><img loading=\"lazy\" decoding=\"async\" class=\"alignnone size-full wp-image-207\" src=\"http:\/\/kiviniemenkartano.fi\/aitta\/wp-content\/uploads\/2018\/10\/aitta-i.jpg\" alt=\"\" width=\"850\" height=\"847\" srcset=\"https:\/\/kiviniemenkartano.fi\/aitta\/wp-content\/uploads\/2018\/10\/aitta-i.jpg 850w, https:\/\/kiviniemenkartano.fi\/aitta\/wp-content\/uploads\/2018\/10\/aitta-i-150x150.jpg 150w, https:\/\/kiviniemenkartano.fi\/aitta\/wp-content\/uploads\/2018\/10\/aitta-i-300x300.jpg 300w, https:\/\/kiviniemenkartano.fi\/aitta\/wp-content\/uploads\/2018\/10\/aitta-i-768x765.jpg 768w, https:\/\/kiviniemenkartano.fi\/aitta\/wp-content\/uploads\/2018\/10\/aitta-i-100x100.jpg 100w\" sizes=\"auto, (max-width: 767px) 89vw, (max-width: 1000px) 54vw, (max-width: 1071px) 543px, 580px\" \/><\/a><\/p>\n<p>Vinttihuoneessa on laipiossa paperi paneelin alla. Paperin alap\u00e4\u00e4n liimasin kiinni rungon ylimp\u00e4\u00e4n hirteen:<\/p>\n<p><a href=\"http:\/\/kiviniemenkartano.fi\/aitta\/wp-content\/uploads\/2018\/10\/aitta-j2.jpg\"><img loading=\"lazy\" decoding=\"async\" class=\"alignnone size-full wp-image-208\" src=\"http:\/\/kiviniemenkartano.fi\/aitta\/wp-content\/uploads\/2018\/10\/aitta-j2.jpg\" alt=\"\" width=\"850\" height=\"823\" srcset=\"https:\/\/kiviniemenkartano.fi\/aitta\/wp-content\/uploads\/2018\/10\/aitta-j2.jpg 850w, https:\/\/kiviniemenkartano.fi\/aitta\/wp-content\/uploads\/2018\/10\/aitta-j2-300x290.jpg 300w, https:\/\/kiviniemenkartano.fi\/aitta\/wp-content\/uploads\/2018\/10\/aitta-j2-768x744.jpg 768w\" sizes=\"auto, (max-width: 767px) 89vw, (max-width: 1000px) 54vw, (max-width: 1071px) 543px, 580px\" \/><\/a><\/p>\n<p>Ja viel\u00e4 varmuuden vuoksi hieman pellavarivett\u00e4 listan alle:<\/p>\n<p><a href=\"http:\/\/kiviniemenkartano.fi\/aitta\/wp-content\/uploads\/2018\/10\/aitta-k.jpg\"><img loading=\"lazy\" decoding=\"async\" class=\"alignnone size-full wp-image-209\" src=\"http:\/\/kiviniemenkartano.fi\/aitta\/wp-content\/uploads\/2018\/10\/aitta-k.jpg\" alt=\"\" width=\"850\" height=\"830\" srcset=\"https:\/\/kiviniemenkartano.fi\/aitta\/wp-content\/uploads\/2018\/10\/aitta-k.jpg 850w, https:\/\/kiviniemenkartano.fi\/aitta\/wp-content\/uploads\/2018\/10\/aitta-k-300x293.jpg 300w, https:\/\/kiviniemenkartano.fi\/aitta\/wp-content\/uploads\/2018\/10\/aitta-k-768x750.jpg 768w\" sizes=\"auto, (max-width: 767px) 89vw, (max-width: 1000px) 54vw, (max-width: 1071px) 543px, 580px\" \/><\/a><\/p>\n<p>Maalla-lehdess\u00e4 j\u00e4lleen enemm\u00e4n teksti\u00e4 erist\u00e4misest\u00e4.<\/p>\n<p>L\u00e4mmint\u00e4 syksy\u00e4!<\/p>\n<p>Hannu<\/p>\n","protected":false},"excerpt":{"rendered":"<p>Kaksisataa vuotta vanha aitta oli tarkoitettu varastoksi, joten sen ala-, v\u00e4li- ja yl\u00e4pohja olivat erist\u00e4m\u00e4tt\u00f6m\u00e4t. Sein\u00e4t ovat tuhtia hirtt\u00e4, mutta niiden v\u00e4leiss\u00e4 ei ole sammaleita tai rivett\u00e4. Muutosty\u00f6ss\u00e4 aitasta haluttiin ymp\u00e4rivuotiseen k\u00e4ytt\u00f6\u00f6n soveltuva. Aitan korkeus kasvoi noin metrill\u00e4, kun rakennusta korotettiin alhaalta nelj\u00e4ll\u00e4 hirsikerralla (puolet eristeelle, puolet huonekorkeudelle) ja yl\u00e4pohjaan tuli nykym\u00e4\u00e4r\u00e4ysten mukainen l\u00e4hes 40 &hellip; <\/p>\n<p class=\"link-more\"><a href=\"https:\/\/kiviniemenkartano.fi\/aitta\/2018\/10\/05\/osa-8-eristaminen\/\" class=\"more-link\">Jatka lukemista<span class=\"screen-reader-text\"> &#8221;Osa 8 &#8211; Erist\u00e4minen&#8221;<\/span><\/a><\/p>\n","protected":false},"author":1,"featured_media":0,"comment_status":"open","ping_status":"open","sticky":false,"template":"","format":"standard","meta":{"_exactmetrics_skip_tracking":false,"_exactmetrics_sitenote_active":false,"_exactmetrics_sitenote_note":"","_exactmetrics_sitenote_category":0,"footnotes":""},"categories":[1],"tags":[],"class_list":["post-193","post","type-post","status-publish","format-standard","hentry","category-yleinen"],"_links":{"self":[{"href":"https:\/\/kiviniemenkartano.fi\/aitta\/wp-json\/wp\/v2\/posts\/193","targetHints":{"allow":["GET"]}}],"collection":[{"href":"https:\/\/kiviniemenkartano.fi\/aitta\/wp-json\/wp\/v2\/posts"}],"about":[{"href":"https:\/\/kiviniemenkartano.fi\/aitta\/wp-json\/wp\/v2\/types\/post"}],"author":[{"embeddable":true,"href":"https:\/\/kiviniemenkartano.fi\/aitta\/wp-json\/wp\/v2\/users\/1"}],"replies":[{"embeddable":true,"href":"https:\/\/kiviniemenkartano.fi\/aitta\/wp-json\/wp\/v2\/comments?post=193"}],"version-history":[{"count":6,"href":"https:\/\/kiviniemenkartano.fi\/aitta\/wp-json\/wp\/v2\/posts\/193\/revisions"}],"predecessor-version":[{"id":210,"href":"https:\/\/kiviniemenkartano.fi\/aitta\/wp-json\/wp\/v2\/posts\/193\/revisions\/210"}],"wp:attachment":[{"href":"https:\/\/kiviniemenkartano.fi\/aitta\/wp-json\/wp\/v2\/media?parent=193"}],"wp:term":[{"taxonomy":"category","embeddable":true,"href":"https:\/\/kiviniemenkartano.fi\/aitta\/wp-json\/wp\/v2\/categories?post=193"},{"taxonomy":"post_tag","embeddable":true,"href":"https:\/\/kiviniemenkartano.fi\/aitta\/wp-json\/wp\/v2\/tags?post=193"}],"curies":[{"name":"wp","href":"https:\/\/api.w.org\/{rel}","templated":true}]}}