{"id":225,"date":"2019-01-11T11:50:45","date_gmt":"2019-01-11T09:50:45","guid":{"rendered":"http:\/\/kiviniemenkartano.fi\/aitta\/?p=225"},"modified":"2019-01-11T11:50:45","modified_gmt":"2019-01-11T09:50:45","slug":"osa-10-verstas","status":"publish","type":"post","link":"https:\/\/kiviniemenkartano.fi\/aitta\/2019\/01\/11\/osa-10-verstas\/","title":{"rendered":"Osa 10 &#8211; Verstas"},"content":{"rendered":"<p>Aitan remontin suurin syy oli saada kunnolliset verstastilat. Kaikki ty\u00f6kalut samaan paikkaan! Alakerrassa on nyt t\u00e4t\u00e4 varten kaksi huonetta: pienempi on maalaust\u00f6it\u00e4 varten ja suurempi puut\u00f6ille. Maalihuone on viel\u00e4 pahasti kesken, mutta verstaan puolelle voi jo tehd\u00e4 pieni\u00e4 korjauksia.<\/p>\n<p>Sirkkelip\u00f6yt\u00e4 on tuettu sein\u00e4\u00e4n. Aukko on pitki\u00e4 lautoja varten, ne voi ty\u00f6nt\u00e4\u00e4 ulkoa suoraan sis\u00e4lle.<\/p>\n<p><a href=\"http:\/\/kiviniemenkartano.fi\/aitta\/wp-content\/uploads\/2019\/01\/a1.jpg\"><img loading=\"lazy\" decoding=\"async\" class=\"alignnone size-full wp-image-226\" src=\"http:\/\/kiviniemenkartano.fi\/aitta\/wp-content\/uploads\/2019\/01\/a1.jpg\" alt=\"\" width=\"900\" height=\"600\" srcset=\"https:\/\/kiviniemenkartano.fi\/aitta\/wp-content\/uploads\/2019\/01\/a1.jpg 900w, https:\/\/kiviniemenkartano.fi\/aitta\/wp-content\/uploads\/2019\/01\/a1-300x200.jpg 300w, https:\/\/kiviniemenkartano.fi\/aitta\/wp-content\/uploads\/2019\/01\/a1-768x512.jpg 768w\" sizes=\"auto, (max-width: 767px) 89vw, (max-width: 1000px) 54vw, (max-width: 1071px) 543px, 580px\" \/><\/a><\/p>\n<p>P\u00f6yt\u00e4- ja hyllylevyn kannattajat ovat sein\u00e4\u00e4 vasten olevassa kakkosnelosessa kiinni lohenpyrst\u00f6liitoksilla.<\/p>\n<p><a href=\"http:\/\/kiviniemenkartano.fi\/aitta\/wp-content\/uploads\/2019\/01\/a2.jpg\"><img loading=\"lazy\" decoding=\"async\" class=\"alignnone size-full wp-image-227\" src=\"http:\/\/kiviniemenkartano.fi\/aitta\/wp-content\/uploads\/2019\/01\/a2.jpg\" alt=\"\" width=\"900\" height=\"600\" srcset=\"https:\/\/kiviniemenkartano.fi\/aitta\/wp-content\/uploads\/2019\/01\/a2.jpg 900w, https:\/\/kiviniemenkartano.fi\/aitta\/wp-content\/uploads\/2019\/01\/a2-300x200.jpg 300w, https:\/\/kiviniemenkartano.fi\/aitta\/wp-content\/uploads\/2019\/01\/a2-768x512.jpg 768w\" sizes=\"auto, (max-width: 767px) 89vw, (max-width: 1000px) 54vw, (max-width: 1071px) 543px, 580px\" \/><\/a><\/p>\n<p>En ole puusepp\u00e4, mutta oli mukava harjoitella erilaisia liitoksia. Jokaisessa jalassa on omanlaisensa.<\/p>\n<p><a href=\"http:\/\/kiviniemenkartano.fi\/aitta\/wp-content\/uploads\/2019\/01\/a3.jpg\"><img loading=\"lazy\" decoding=\"async\" class=\"alignnone size-full wp-image-228\" src=\"http:\/\/kiviniemenkartano.fi\/aitta\/wp-content\/uploads\/2019\/01\/a3.jpg\" alt=\"\" width=\"900\" height=\"600\" srcset=\"https:\/\/kiviniemenkartano.fi\/aitta\/wp-content\/uploads\/2019\/01\/a3.jpg 900w, https:\/\/kiviniemenkartano.fi\/aitta\/wp-content\/uploads\/2019\/01\/a3-300x200.jpg 300w, https:\/\/kiviniemenkartano.fi\/aitta\/wp-content\/uploads\/2019\/01\/a3-768x512.jpg 768w\" sizes=\"auto, (max-width: 767px) 89vw, (max-width: 1000px) 54vw, (max-width: 1071px) 543px, 580px\" \/><\/a><\/p>\n<p>P\u00f6yt\u00e4 k\u00e4ytt\u00f6valmiina.<\/p>\n<p><a href=\"http:\/\/kiviniemenkartano.fi\/aitta\/wp-content\/uploads\/2019\/01\/a4.jpg\"><img loading=\"lazy\" decoding=\"async\" class=\"alignnone size-full wp-image-229\" src=\"http:\/\/kiviniemenkartano.fi\/aitta\/wp-content\/uploads\/2019\/01\/a4.jpg\" alt=\"\" width=\"900\" height=\"600\" srcset=\"https:\/\/kiviniemenkartano.fi\/aitta\/wp-content\/uploads\/2019\/01\/a4.jpg 900w, https:\/\/kiviniemenkartano.fi\/aitta\/wp-content\/uploads\/2019\/01\/a4-300x200.jpg 300w, https:\/\/kiviniemenkartano.fi\/aitta\/wp-content\/uploads\/2019\/01\/a4-768x512.jpg 768w\" sizes=\"auto, (max-width: 767px) 89vw, (max-width: 1000px) 54vw, (max-width: 1071px) 543px, 580px\" \/><\/a><\/p>\n<p>&nbsp;<\/p>\n","protected":false},"excerpt":{"rendered":"<p>Aitan remontin suurin syy oli saada kunnolliset verstastilat. Kaikki ty\u00f6kalut samaan paikkaan! Alakerrassa on nyt t\u00e4t\u00e4 varten kaksi huonetta: pienempi on maalaust\u00f6it\u00e4 varten ja suurempi puut\u00f6ille. Maalihuone on viel\u00e4 pahasti kesken, mutta verstaan puolelle voi jo tehd\u00e4 pieni\u00e4 korjauksia. Sirkkelip\u00f6yt\u00e4 on tuettu sein\u00e4\u00e4n. Aukko on pitki\u00e4 lautoja varten, ne voi ty\u00f6nt\u00e4\u00e4 ulkoa suoraan sis\u00e4lle. P\u00f6yt\u00e4- &hellip; <\/p>\n<p class=\"link-more\"><a href=\"https:\/\/kiviniemenkartano.fi\/aitta\/2019\/01\/11\/osa-10-verstas\/\" class=\"more-link\">Jatka lukemista<span class=\"screen-reader-text\"> &#8221;Osa 10 &#8211; Verstas&#8221;<\/span><\/a><\/p>\n","protected":false},"author":1,"featured_media":0,"comment_status":"open","ping_status":"open","sticky":false,"template":"","format":"standard","meta":{"_exactmetrics_skip_tracking":false,"_exactmetrics_sitenote_active":false,"_exactmetrics_sitenote_note":"","_exactmetrics_sitenote_category":0,"footnotes":""},"categories":[1],"tags":[],"class_list":["post-225","post","type-post","status-publish","format-standard","hentry","category-yleinen"],"_links":{"self":[{"href":"https:\/\/kiviniemenkartano.fi\/aitta\/wp-json\/wp\/v2\/posts\/225","targetHints":{"allow":["GET"]}}],"collection":[{"href":"https:\/\/kiviniemenkartano.fi\/aitta\/wp-json\/wp\/v2\/posts"}],"about":[{"href":"https:\/\/kiviniemenkartano.fi\/aitta\/wp-json\/wp\/v2\/types\/post"}],"author":[{"embeddable":true,"href":"https:\/\/kiviniemenkartano.fi\/aitta\/wp-json\/wp\/v2\/users\/1"}],"replies":[{"embeddable":true,"href":"https:\/\/kiviniemenkartano.fi\/aitta\/wp-json\/wp\/v2\/comments?post=225"}],"version-history":[{"count":1,"href":"https:\/\/kiviniemenkartano.fi\/aitta\/wp-json\/wp\/v2\/posts\/225\/revisions"}],"predecessor-version":[{"id":230,"href":"https:\/\/kiviniemenkartano.fi\/aitta\/wp-json\/wp\/v2\/posts\/225\/revisions\/230"}],"wp:attachment":[{"href":"https:\/\/kiviniemenkartano.fi\/aitta\/wp-json\/wp\/v2\/media?parent=225"}],"wp:term":[{"taxonomy":"category","embeddable":true,"href":"https:\/\/kiviniemenkartano.fi\/aitta\/wp-json\/wp\/v2\/categories?post=225"},{"taxonomy":"post_tag","embeddable":true,"href":"https:\/\/kiviniemenkartano.fi\/aitta\/wp-json\/wp\/v2\/tags?post=225"}],"curies":[{"name":"wp","href":"https:\/\/api.w.org\/{rel}","templated":true}]}}