{"id":271,"date":"2019-04-18T12:11:53","date_gmt":"2019-04-18T09:11:53","guid":{"rendered":"http:\/\/kiviniemenkartano.fi\/aitta\/?p=271"},"modified":"2019-04-18T12:16:12","modified_gmt":"2019-04-18T09:16:12","slug":"osa-13-ovet","status":"publish","type":"post","link":"https:\/\/kiviniemenkartano.fi\/aitta\/2019\/04\/18\/osa-13-ovet\/","title":{"rendered":"Osa 13 &#8211; ovet"},"content":{"rendered":"\n<p>Aitta on varsin pieni rakennus, mutta siin\u00e4 on lopulta suuri m\u00e4\u00e4r\u00e4 ovia, laskutavasta riippuen 12 tai 16. K\u00e4vin nappaamassa kuvan jokaisesta ovityypist\u00e4. V\u00e4h\u00e4n rujoja kuvia, kun kierr\u00e4tettyjen ovien kunnostaminen on vasta alkanut.<\/p>\n\n\n\n<figure class=\"wp-block-image\"><img loading=\"lazy\" decoding=\"async\" width=\"698\" height=\"1024\" src=\"http:\/\/kiviniemenkartano.fi\/aitta\/wp-content\/uploads\/2019\/04\/1-IMG_4636-698x1024.jpg\" alt=\"\" class=\"wp-image-272\" srcset=\"https:\/\/kiviniemenkartano.fi\/aitta\/wp-content\/uploads\/2019\/04\/1-IMG_4636-698x1024.jpg 698w, https:\/\/kiviniemenkartano.fi\/aitta\/wp-content\/uploads\/2019\/04\/1-IMG_4636-205x300.jpg 205w, https:\/\/kiviniemenkartano.fi\/aitta\/wp-content\/uploads\/2019\/04\/1-IMG_4636-768x1126.jpg 768w, https:\/\/kiviniemenkartano.fi\/aitta\/wp-content\/uploads\/2019\/04\/1-IMG_4636.jpg 1000w\" sizes=\"auto, (max-width: 698px) 100vw, 698px\" \/><figcaption>Metrin levyinen ulko-ovi johtaa uudelle kuistille, josta siirryt\u00e4\u00e4n sek\u00e4 ala- ett\u00e4 yl\u00e4kerran huoneisiin.<br><\/figcaption><\/figure>\n\n\n\n<figure class=\"wp-block-image\"><img loading=\"lazy\" decoding=\"async\" width=\"684\" height=\"1024\" src=\"http:\/\/kiviniemenkartano.fi\/aitta\/wp-content\/uploads\/2019\/04\/2-IMG_4638-684x1024.jpg\" alt=\"\" class=\"wp-image-273\" srcset=\"https:\/\/kiviniemenkartano.fi\/aitta\/wp-content\/uploads\/2019\/04\/2-IMG_4638-684x1024.jpg 684w, https:\/\/kiviniemenkartano.fi\/aitta\/wp-content\/uploads\/2019\/04\/2-IMG_4638-200x300.jpg 200w, https:\/\/kiviniemenkartano.fi\/aitta\/wp-content\/uploads\/2019\/04\/2-IMG_4638-768x1150.jpg 768w, https:\/\/kiviniemenkartano.fi\/aitta\/wp-content\/uploads\/2019\/04\/2-IMG_4638.jpg 1000w\" sizes=\"auto, (max-width: 684px) 100vw, 684px\" \/><figcaption>Kulku alakerran verstashuoneisiin. Ulkotilaan johtavassa oviaukossa on l\u00e4mp\u00f6eristyksen vuoksi samassa karmissa kaksi ovea.<\/figcaption><\/figure>\n\n\n\n<figure class=\"wp-block-image\"><img loading=\"lazy\" decoding=\"async\" width=\"804\" height=\"1024\" src=\"http:\/\/kiviniemenkartano.fi\/aitta\/wp-content\/uploads\/2019\/04\/3-IMG_4641-804x1024.jpg\" alt=\"\" class=\"wp-image-274\" srcset=\"https:\/\/kiviniemenkartano.fi\/aitta\/wp-content\/uploads\/2019\/04\/3-IMG_4641-804x1024.jpg 804w, https:\/\/kiviniemenkartano.fi\/aitta\/wp-content\/uploads\/2019\/04\/3-IMG_4641-236x300.jpg 236w, https:\/\/kiviniemenkartano.fi\/aitta\/wp-content\/uploads\/2019\/04\/3-IMG_4641-768x978.jpg 768w, https:\/\/kiviniemenkartano.fi\/aitta\/wp-content\/uploads\/2019\/04\/3-IMG_4641.jpg 1000w\" sizes=\"auto, (max-width: 767px) 89vw, (max-width: 1000px) 54vw, (max-width: 1071px) 543px, 580px\" \/><figcaption>Yl\u00e4kerran eteiseen tullaan oikealla olevasta ovesta. Kylpyhuoneeseen on tehty piilo-ovi, jossa sein\u00e4 ja ovi ovat samaa laudoitusta.<\/figcaption><\/figure>\n\n\n\n<figure class=\"wp-block-image\"><img loading=\"lazy\" decoding=\"async\" width=\"1000\" height=\"946\" src=\"http:\/\/kiviniemenkartano.fi\/aitta\/wp-content\/uploads\/2019\/04\/4-IMG_4639.jpg\" alt=\"\" class=\"wp-image-275\" srcset=\"https:\/\/kiviniemenkartano.fi\/aitta\/wp-content\/uploads\/2019\/04\/4-IMG_4639.jpg 1000w, https:\/\/kiviniemenkartano.fi\/aitta\/wp-content\/uploads\/2019\/04\/4-IMG_4639-300x284.jpg 300w, https:\/\/kiviniemenkartano.fi\/aitta\/wp-content\/uploads\/2019\/04\/4-IMG_4639-768x727.jpg 768w\" sizes=\"auto, (max-width: 767px) 89vw, (max-width: 1000px) 54vw, (max-width: 1071px) 543px, 580px\" \/><figcaption>Yl\u00e4kerrassa on Haminan rakennuspuodista hankitut t\u00e4ysranskalaiset ovet, joissa kehyksen ja peilien v\u00e4linen lista nousee yl\u00f6s oven kehystasosta. Siniset listat on kierr\u00e4tetty p\u00e4\u00e4rakennuksesta.<\/figcaption><\/figure>\n\n\n\n<figure class=\"wp-block-image\"><img loading=\"lazy\" decoding=\"async\" width=\"883\" height=\"1024\" src=\"http:\/\/kiviniemenkartano.fi\/aitta\/wp-content\/uploads\/2019\/04\/aitta-ovi-2B_MG_4235-2-883x1024.jpg\" alt=\"\" class=\"wp-image-279\" srcset=\"https:\/\/kiviniemenkartano.fi\/aitta\/wp-content\/uploads\/2019\/04\/aitta-ovi-2B_MG_4235-2-883x1024.jpg 883w, https:\/\/kiviniemenkartano.fi\/aitta\/wp-content\/uploads\/2019\/04\/aitta-ovi-2B_MG_4235-2-259x300.jpg 259w, https:\/\/kiviniemenkartano.fi\/aitta\/wp-content\/uploads\/2019\/04\/aitta-ovi-2B_MG_4235-2-768x891.jpg 768w, https:\/\/kiviniemenkartano.fi\/aitta\/wp-content\/uploads\/2019\/04\/aitta-ovi-2B_MG_4235-2.jpg 998w\" sizes=\"auto, (max-width: 767px) 89vw, (max-width: 1000px) 54vw, (max-width: 1071px) 543px, 580px\" \/><figcaption>L\u00e4hikuvasta n\u00e4kyy kehyksen ja listan koholla oleva muoto. Oven lukkokoneisto on alkuper\u00e4inen, painike l\u00f6ytyi Porvoon vanhasta rautakaupasta.<\/figcaption><\/figure>\n\n\n\n<figure class=\"wp-block-image\"><img loading=\"lazy\" decoding=\"async\" width=\"683\" height=\"1024\" src=\"http:\/\/kiviniemenkartano.fi\/aitta\/wp-content\/uploads\/2019\/04\/5-IMG_4643-683x1024.jpg\" alt=\"\" class=\"wp-image-276\" srcset=\"https:\/\/kiviniemenkartano.fi\/aitta\/wp-content\/uploads\/2019\/04\/5-IMG_4643-683x1024.jpg 683w, https:\/\/kiviniemenkartano.fi\/aitta\/wp-content\/uploads\/2019\/04\/5-IMG_4643-200x300.jpg 200w, https:\/\/kiviniemenkartano.fi\/aitta\/wp-content\/uploads\/2019\/04\/5-IMG_4643-768x1152.jpg 768w, https:\/\/kiviniemenkartano.fi\/aitta\/wp-content\/uploads\/2019\/04\/5-IMG_4643.jpg 1000w\" sizes=\"auto, (max-width: 683px) 100vw, 683px\" \/><figcaption>Aitan alkuper\u00e4iset kulkuaukot olivat edess\u00e4 olevilta terasseilta. Molemmissa kerroksissa oli kaksi ovea ja varastohuoneet niiden takana. Ovet aukesivat aiemmin sis\u00e4lle; nyt ne aukeavat ulos ja toimivat tarvittaessa ikkunaluukkuina.<\/figcaption><\/figure>\n\n\n\n<figure class=\"wp-block-image\"><img loading=\"lazy\" decoding=\"async\" width=\"839\" height=\"1024\" src=\"http:\/\/kiviniemenkartano.fi\/aitta\/wp-content\/uploads\/2019\/04\/6-IMG_4645-839x1024.jpg\" alt=\"\" class=\"wp-image-277\" srcset=\"https:\/\/kiviniemenkartano.fi\/aitta\/wp-content\/uploads\/2019\/04\/6-IMG_4645-839x1024.jpg 839w, https:\/\/kiviniemenkartano.fi\/aitta\/wp-content\/uploads\/2019\/04\/6-IMG_4645-246x300.jpg 246w, https:\/\/kiviniemenkartano.fi\/aitta\/wp-content\/uploads\/2019\/04\/6-IMG_4645-768x937.jpg 768w, https:\/\/kiviniemenkartano.fi\/aitta\/wp-content\/uploads\/2019\/04\/6-IMG_4645.jpg 1000w\" sizes=\"auto, (max-width: 767px) 89vw, (max-width: 1000px) 54vw, (max-width: 1071px) 543px, 580px\" \/><figcaption>Vanhojen oviaukkojen paikalla on nyt ikkunat, jotka toimivat my\u00f6s ovina edess\u00e4 oleville terasseille. Ikkuna on loft-henkinen l\u00e4mp\u00f6lasi, jolle puusepp\u00e4 teki tukevan karmin ja pokan. <\/figcaption><\/figure>\n\n\n\n<p>Blogi l\u00e4hestyy loppuaan ja seuraavalla kerralla on vuorossa aitan ulkomaalaus. <\/p>\n\n\n\n<p>L\u00e4mmint\u00e4 kev\u00e4tt\u00e4!<\/p>\n\n\n\n<p>Hannu<\/p>\n","protected":false},"excerpt":{"rendered":"<p>Aitta on varsin pieni rakennus, mutta siin\u00e4 on lopulta suuri m\u00e4\u00e4r\u00e4 ovia, laskutavasta riippuen 12 tai 16. K\u00e4vin nappaamassa kuvan jokaisesta ovityypist\u00e4. V\u00e4h\u00e4n rujoja kuvia, kun kierr\u00e4tettyjen ovien kunnostaminen on vasta alkanut. Blogi l\u00e4hestyy loppuaan ja seuraavalla kerralla on vuorossa aitan ulkomaalaus. L\u00e4mmint\u00e4 kev\u00e4tt\u00e4! Hannu<\/p>\n","protected":false},"author":1,"featured_media":0,"comment_status":"open","ping_status":"open","sticky":false,"template":"","format":"standard","meta":{"_exactmetrics_skip_tracking":false,"_exactmetrics_sitenote_active":false,"_exactmetrics_sitenote_note":"","_exactmetrics_sitenote_category":0,"footnotes":""},"categories":[1],"tags":[],"class_list":["post-271","post","type-post","status-publish","format-standard","hentry","category-yleinen"],"_links":{"self":[{"href":"https:\/\/kiviniemenkartano.fi\/aitta\/wp-json\/wp\/v2\/posts\/271","targetHints":{"allow":["GET"]}}],"collection":[{"href":"https:\/\/kiviniemenkartano.fi\/aitta\/wp-json\/wp\/v2\/posts"}],"about":[{"href":"https:\/\/kiviniemenkartano.fi\/aitta\/wp-json\/wp\/v2\/types\/post"}],"author":[{"embeddable":true,"href":"https:\/\/kiviniemenkartano.fi\/aitta\/wp-json\/wp\/v2\/users\/1"}],"replies":[{"embeddable":true,"href":"https:\/\/kiviniemenkartano.fi\/aitta\/wp-json\/wp\/v2\/comments?post=271"}],"version-history":[{"count":3,"href":"https:\/\/kiviniemenkartano.fi\/aitta\/wp-json\/wp\/v2\/posts\/271\/revisions"}],"predecessor-version":[{"id":281,"href":"https:\/\/kiviniemenkartano.fi\/aitta\/wp-json\/wp\/v2\/posts\/271\/revisions\/281"}],"wp:attachment":[{"href":"https:\/\/kiviniemenkartano.fi\/aitta\/wp-json\/wp\/v2\/media?parent=271"}],"wp:term":[{"taxonomy":"category","embeddable":true,"href":"https:\/\/kiviniemenkartano.fi\/aitta\/wp-json\/wp\/v2\/categories?post=271"},{"taxonomy":"post_tag","embeddable":true,"href":"https:\/\/kiviniemenkartano.fi\/aitta\/wp-json\/wp\/v2\/tags?post=271"}],"curies":[{"name":"wp","href":"https:\/\/api.w.org\/{rel}","templated":true}]}}