{"id":313,"date":"2019-07-08T12:57:23","date_gmt":"2019-07-08T09:57:23","guid":{"rendered":"http:\/\/kiviniemenkartano.fi\/aitta\/?p=313"},"modified":"2019-08-09T20:39:40","modified_gmt":"2019-08-09T17:39:40","slug":"osa-16-valmis","status":"publish","type":"post","link":"https:\/\/kiviniemenkartano.fi\/aitta\/2019\/07\/08\/osa-16-valmis\/","title":{"rendered":"Osa 16 \u2013 Valmis!"},"content":{"rendered":"\n<p>Aloimme useita vuosia sitten pohtia, kuinka saisimme pihapiiriin verstashuoneen. Aluksi ajattelimme siirt\u00e4\u00e4 tontille uuden hirsikehikon, jonkin pienen m\u00f6kin, ja sisustaa sen ty\u00f6tilaksi. Lopulta p\u00e4\u00e4dyimme kunnostamaan vanhaa aittaa, joka vaipui maahan ja oli matala.<\/p>\n\n\n\n<p>Massiivisen muutaman vuoden kunnostamisen j\u00e4lkeen alakerrassa on nyt verstastilat, ja yl\u00e4kertaan syntyi vierashuone sek\u00e4 kylpyhuone. Alla on kuvia valmiista tiloista. (Ne kohdat, jotka eiv\u00e4t ole valmiita, on rajattu taitavasti kuvien ulkopuolelle.)<\/p>\n\n\n\n<figure class=\"wp-block-image\"><img loading=\"lazy\" decoding=\"async\" width=\"1024\" height=\"640\" src=\"http:\/\/kiviniemenkartano.fi\/aitta\/wp-content\/uploads\/2019\/07\/aitta-valmis-ulkoa-IMG_5218-1024x640.jpg\" alt=\"\" class=\"wp-image-314\" srcset=\"https:\/\/kiviniemenkartano.fi\/aitta\/wp-content\/uploads\/2019\/07\/aitta-valmis-ulkoa-IMG_5218-1024x640.jpg 1024w, https:\/\/kiviniemenkartano.fi\/aitta\/wp-content\/uploads\/2019\/07\/aitta-valmis-ulkoa-IMG_5218-300x187.jpg 300w, https:\/\/kiviniemenkartano.fi\/aitta\/wp-content\/uploads\/2019\/07\/aitta-valmis-ulkoa-IMG_5218-768x480.jpg 768w, https:\/\/kiviniemenkartano.fi\/aitta\/wp-content\/uploads\/2019\/07\/aitta-valmis-ulkoa-IMG_5218.jpg 1500w\" sizes=\"auto, (max-width: 767px) 89vw, (max-width: 1000px) 54vw, (max-width: 1071px) 543px, 580px\" \/><figcaption>Vuosiluvut julkisivussa kertovat, ett\u00e4 paikalle on siirretty yksikerroksinen aitta vuonna 1827, joka on korotettu kaksikerroksiseksi vuonna 1937. Me korotimme aittaa metrin verran ja lis\u00e4simme sen p\u00e4\u00e4tyyn porraskuistin.<\/figcaption><\/figure>\n\n\n\n<figure class=\"wp-block-image\"><img loading=\"lazy\" decoding=\"async\" width=\"1000\" height=\"667\" src=\"http:\/\/kiviniemenkartano.fi\/aitta\/wp-content\/uploads\/2019\/07\/lippa-IMG_5189.jpg\" alt=\"\" class=\"wp-image-323\" srcset=\"https:\/\/kiviniemenkartano.fi\/aitta\/wp-content\/uploads\/2019\/07\/lippa-IMG_5189.jpg 1000w, https:\/\/kiviniemenkartano.fi\/aitta\/wp-content\/uploads\/2019\/07\/lippa-IMG_5189-300x200.jpg 300w, https:\/\/kiviniemenkartano.fi\/aitta\/wp-content\/uploads\/2019\/07\/lippa-IMG_5189-768x512.jpg 768w\" sizes=\"auto, (max-width: 767px) 89vw, (max-width: 1000px) 54vw, (max-width: 1071px) 543px, 580px\" \/><figcaption>Sis\u00e4\u00e4ntuloportaiden p\u00e4\u00e4ll\u00e4 on pieni ovilippa, jonka lappeet laskeutuvat alas eri kulmissa. Timpuri mietti hyv\u00e4n tovin, kuinka luonnosmainen lyijykyn\u00e4piirustus muutetaan astemitoiksi, mutta lopputuloksesta tuli hieno.<\/figcaption><\/figure>\n\n\n\n<figure class=\"wp-block-image\"><img loading=\"lazy\" decoding=\"async\" width=\"1000\" height=\"890\" src=\"http:\/\/kiviniemenkartano.fi\/aitta\/wp-content\/uploads\/2019\/07\/kytkinIMG_5150.jpg\" alt=\"\" class=\"wp-image-320\" srcset=\"https:\/\/kiviniemenkartano.fi\/aitta\/wp-content\/uploads\/2019\/07\/kytkinIMG_5150.jpg 1000w, https:\/\/kiviniemenkartano.fi\/aitta\/wp-content\/uploads\/2019\/07\/kytkinIMG_5150-300x267.jpg 300w, https:\/\/kiviniemenkartano.fi\/aitta\/wp-content\/uploads\/2019\/07\/kytkinIMG_5150-768x684.jpg 768w\" sizes=\"auto, (max-width: 767px) 89vw, (max-width: 1000px) 54vw, (max-width: 1071px) 543px, 580px\" \/><figcaption>Ulkovalon kytkin. S\u00e4hk\u00f6johdon l\u00e4piviennin suojana on posliininen holkki, joka l\u00f6ytyi puretun navetan paikalta.<\/figcaption><\/figure>\n\n\n\n<p><\/p>\n\n\n\n<figure class=\"wp-block-image\"><img loading=\"lazy\" decoding=\"async\" width=\"1000\" height=\"605\" src=\"http:\/\/kiviniemenkartano.fi\/aitta\/wp-content\/uploads\/2019\/07\/sirkkeli_MG_5212.jpg\" alt=\"\" class=\"wp-image-318\" srcset=\"https:\/\/kiviniemenkartano.fi\/aitta\/wp-content\/uploads\/2019\/07\/sirkkeli_MG_5212.jpg 1000w, https:\/\/kiviniemenkartano.fi\/aitta\/wp-content\/uploads\/2019\/07\/sirkkeli_MG_5212-300x182.jpg 300w, https:\/\/kiviniemenkartano.fi\/aitta\/wp-content\/uploads\/2019\/07\/sirkkeli_MG_5212-768x465.jpg 768w\" sizes=\"auto, (max-width: 767px) 89vw, (max-width: 1000px) 54vw, (max-width: 1071px) 543px, 580px\" \/><figcaption>Pitk\u00e4 lauta mahtuu verstaaseen sein\u00e4ss\u00e4 olevan luukun kautta. Sirkkelin takana p\u00f6yt\u00e4levyss\u00e4  on p\u00f6lyt sieppaavan imuputken py\u00f6re\u00e4 suuaukko.<\/figcaption><\/figure>\n\n\n\n<p><\/p>\n\n\n\n<figure class=\"wp-block-image\"><img loading=\"lazy\" decoding=\"async\" width=\"1000\" height=\"670\" src=\"http:\/\/kiviniemenkartano.fi\/aitta\/wp-content\/uploads\/2019\/07\/mh-IMG_5182.jpg\" alt=\"\" class=\"wp-image-315\" srcset=\"https:\/\/kiviniemenkartano.fi\/aitta\/wp-content\/uploads\/2019\/07\/mh-IMG_5182.jpg 1000w, https:\/\/kiviniemenkartano.fi\/aitta\/wp-content\/uploads\/2019\/07\/mh-IMG_5182-300x201.jpg 300w, https:\/\/kiviniemenkartano.fi\/aitta\/wp-content\/uploads\/2019\/07\/mh-IMG_5182-768x515.jpg 768w\" sizes=\"auto, (max-width: 767px) 89vw, (max-width: 1000px) 54vw, (max-width: 1071px) 543px, 580px\" \/><figcaption>Yl\u00e4kerran vierashuone.<\/figcaption><\/figure>\n\n\n\n<figure class=\"wp-block-image\"><img loading=\"lazy\" decoding=\"async\" width=\"1000\" height=\"667\" src=\"http:\/\/kiviniemenkartano.fi\/aitta\/wp-content\/uploads\/2019\/07\/punkka-IMG_5181.jpg\" alt=\"\" class=\"wp-image-322\" srcset=\"https:\/\/kiviniemenkartano.fi\/aitta\/wp-content\/uploads\/2019\/07\/punkka-IMG_5181.jpg 1000w, https:\/\/kiviniemenkartano.fi\/aitta\/wp-content\/uploads\/2019\/07\/punkka-IMG_5181-300x200.jpg 300w, https:\/\/kiviniemenkartano.fi\/aitta\/wp-content\/uploads\/2019\/07\/punkka-IMG_5181-768x512.jpg 768w\" sizes=\"auto, (max-width: 767px) 89vw, (max-width: 1000px) 54vw, (max-width: 1071px) 543px, 580px\" \/><figcaption>S\u00e4nky yhdelle vieraalle pedattuna. Pieni ikkuna on per\u00e4isin vuoden 1937 muutosvaiheesta.<\/figcaption><\/figure>\n\n\n\n<figure class=\"wp-block-image\"><img loading=\"lazy\" decoding=\"async\" width=\"1000\" height=\"566\" src=\"http:\/\/kiviniemenkartano.fi\/aitta\/wp-content\/uploads\/2019\/07\/lamppu-IMG_5162.jpg\" alt=\"\" class=\"wp-image-321\" srcset=\"https:\/\/kiviniemenkartano.fi\/aitta\/wp-content\/uploads\/2019\/07\/lamppu-IMG_5162.jpg 1000w, https:\/\/kiviniemenkartano.fi\/aitta\/wp-content\/uploads\/2019\/07\/lamppu-IMG_5162-300x170.jpg 300w, https:\/\/kiviniemenkartano.fi\/aitta\/wp-content\/uploads\/2019\/07\/lamppu-IMG_5162-768x435.jpg 768w\" sizes=\"auto, (max-width: 767px) 89vw, (max-width: 1000px) 54vw, (max-width: 1071px) 543px, 580px\" \/><figcaption>Vanhaa tavaraa on riitt\u00e4nyt aitankin sisustamiseen.<\/figcaption><\/figure>\n\n\n\n<p><\/p>\n\n\n\n<figure class=\"wp-block-image\"><img loading=\"lazy\" decoding=\"async\" width=\"1000\" height=\"538\" src=\"http:\/\/kiviniemenkartano.fi\/aitta\/wp-content\/uploads\/2019\/07\/painike-IMG_5184.jpg\" alt=\"\" class=\"wp-image-316\" srcset=\"https:\/\/kiviniemenkartano.fi\/aitta\/wp-content\/uploads\/2019\/07\/painike-IMG_5184.jpg 1000w, https:\/\/kiviniemenkartano.fi\/aitta\/wp-content\/uploads\/2019\/07\/painike-IMG_5184-300x161.jpg 300w, https:\/\/kiviniemenkartano.fi\/aitta\/wp-content\/uploads\/2019\/07\/painike-IMG_5184-768x413.jpg 768w\" sizes=\"auto, (max-width: 767px) 89vw, (max-width: 1000px) 54vw, (max-width: 1071px) 543px, 580px\" \/><figcaption>Kaikki ovet ovat kierr\u00e4tettyj\u00e4. Yl\u00e4kertaan l\u00f6ysimme Bj\u00f6rkbodan painikkeet Porvoon wanhasta rautakaupasta.<\/figcaption><\/figure>\n\n\n\n<p>Ennen kuin aitta oli valmistunut, haimme jo uutta rakennuslupaa aitan taakse teht\u00e4v\u00e4\u00e4 varastoa varten. Sekin on en\u00e4\u00e4 maalia vaille valmis.<\/p>\n\n\n\n<p>Jos haluat n\u00e4hd\u00e4 aitan sis\u00e4lt\u00e4 ja ulkoa, osallistu <strong>Puutarha- ja perinnerakentamistapahtumaan<\/strong><em> Kiviniemen kartanossa<\/em> tiistaina 13.8.2019. Lis\u00e4tietoja <a rel=\"noreferrer noopener\" aria-label=\"t\u00e4st\u00e4 (avautuu uudessa v\u00e4lilehdess\u00e4)\" href=\"http:\/\/www.perinnemestari.fi\/pyht\u00e4\u00e4-puutarha-ja-perinnerakentamistapahtuma-1382019-0\" target=\"_blank\"><\/a><a href=\"https:\/\/www.perinnemestari.fi\/pyht\u00e4\u00e4-puutarha-ja-perinnerakentamistapahtuma-1382019\" target=\"_blank\" rel=\"noreferrer noopener\" aria-label=\" (avautuu uudessa v\u00e4lilehdess\u00e4)\">t\u00e4st\u00e4<\/a>.<\/p>\n\n\n\n<p>Kiitos mielenkiinnosta aittaprojektia kohtaan. Sarja p\u00e4\u00e4tty. Remontit eiv\u00e4t&#8230;<\/p>\n\n\n\n<p>Terveisin<br>Hannu<\/p>\n","protected":false},"excerpt":{"rendered":"<p>Aloimme useita vuosia sitten pohtia, kuinka saisimme pihapiiriin verstashuoneen. Aluksi ajattelimme siirt\u00e4\u00e4 tontille uuden hirsikehikon, jonkin pienen m\u00f6kin, ja sisustaa sen ty\u00f6tilaksi. Lopulta p\u00e4\u00e4dyimme kunnostamaan vanhaa aittaa, joka vaipui maahan ja oli matala. Massiivisen muutaman vuoden kunnostamisen j\u00e4lkeen alakerrassa on nyt verstastilat, ja yl\u00e4kertaan syntyi vierashuone sek\u00e4 kylpyhuone. Alla on kuvia valmiista tiloista. (Ne kohdat, &hellip; <\/p>\n<p class=\"link-more\"><a href=\"https:\/\/kiviniemenkartano.fi\/aitta\/2019\/07\/08\/osa-16-valmis\/\" class=\"more-link\">Jatka lukemista<span class=\"screen-reader-text\"> &#8221;Osa 16 \u2013 Valmis!&#8221;<\/span><\/a><\/p>\n","protected":false},"author":1,"featured_media":0,"comment_status":"open","ping_status":"open","sticky":false,"template":"","format":"standard","meta":{"_exactmetrics_skip_tracking":false,"_exactmetrics_sitenote_active":false,"_exactmetrics_sitenote_note":"","_exactmetrics_sitenote_category":0,"footnotes":""},"categories":[1],"tags":[],"class_list":["post-313","post","type-post","status-publish","format-standard","hentry","category-yleinen"],"_links":{"self":[{"href":"https:\/\/kiviniemenkartano.fi\/aitta\/wp-json\/wp\/v2\/posts\/313","targetHints":{"allow":["GET"]}}],"collection":[{"href":"https:\/\/kiviniemenkartano.fi\/aitta\/wp-json\/wp\/v2\/posts"}],"about":[{"href":"https:\/\/kiviniemenkartano.fi\/aitta\/wp-json\/wp\/v2\/types\/post"}],"author":[{"embeddable":true,"href":"https:\/\/kiviniemenkartano.fi\/aitta\/wp-json\/wp\/v2\/users\/1"}],"replies":[{"embeddable":true,"href":"https:\/\/kiviniemenkartano.fi\/aitta\/wp-json\/wp\/v2\/comments?post=313"}],"version-history":[{"count":4,"href":"https:\/\/kiviniemenkartano.fi\/aitta\/wp-json\/wp\/v2\/posts\/313\/revisions"}],"predecessor-version":[{"id":328,"href":"https:\/\/kiviniemenkartano.fi\/aitta\/wp-json\/wp\/v2\/posts\/313\/revisions\/328"}],"wp:attachment":[{"href":"https:\/\/kiviniemenkartano.fi\/aitta\/wp-json\/wp\/v2\/media?parent=313"}],"wp:term":[{"taxonomy":"category","embeddable":true,"href":"https:\/\/kiviniemenkartano.fi\/aitta\/wp-json\/wp\/v2\/categories?post=313"},{"taxonomy":"post_tag","embeddable":true,"href":"https:\/\/kiviniemenkartano.fi\/aitta\/wp-json\/wp\/v2\/tags?post=313"}],"curies":[{"name":"wp","href":"https:\/\/api.w.org\/{rel}","templated":true}]}}