{"id":44,"date":"2018-03-05T20:18:13","date_gmt":"2018-03-05T18:18:13","guid":{"rendered":"http:\/\/kiviniemenkartano.fi\/aitta\/?p=44"},"modified":"2018-04-04T08:43:30","modified_gmt":"2018-04-04T05:43:30","slug":"vanha-aitta-uusiksi","status":"publish","type":"post","link":"https:\/\/kiviniemenkartano.fi\/aitta\/2018\/03\/05\/vanha-aitta-uusiksi\/","title":{"rendered":"Osa 1 &#8211; Vanha aitta uusiksi"},"content":{"rendered":"<p>T\u00e4st\u00e4 l\u00e4hdettiin. Takavasen kulma oli laho ja etuoikea kulma upposi maahan. Kaiteen pienat putoilivat ja kattokin oli v\u00e4h\u00e4n niin ja n\u00e4in. Alakerrassa huonekorkeutta oli sen verran, ett\u00e4 p\u00e4\u00e4n l\u00f6i sek\u00e4 oveen, ett\u00e4 v\u00e4lipohjan kannatinpalkkeihin.<\/p>\n<p><a href=\"http:\/\/kiviniemenkartano.fi\/aitta\/wp-content\/uploads\/2018\/03\/aitta-ennen-7234.jpg\"><img loading=\"lazy\" decoding=\"async\" class=\"alignnone wp-image-59 size-large\" src=\"http:\/\/kiviniemenkartano.fi\/aitta\/wp-content\/uploads\/2018\/03\/aitta-ennen-7234-1024x682.jpg\" alt=\"\" width=\"525\" height=\"350\" srcset=\"https:\/\/kiviniemenkartano.fi\/aitta\/wp-content\/uploads\/2018\/03\/aitta-ennen-7234-1024x682.jpg 1024w, https:\/\/kiviniemenkartano.fi\/aitta\/wp-content\/uploads\/2018\/03\/aitta-ennen-7234-300x200.jpg 300w, https:\/\/kiviniemenkartano.fi\/aitta\/wp-content\/uploads\/2018\/03\/aitta-ennen-7234-768x512.jpg 768w, https:\/\/kiviniemenkartano.fi\/aitta\/wp-content\/uploads\/2018\/03\/aitta-ennen-7234.jpg 1400w\" sizes=\"auto, (max-width: 525px) 100vw, 525px\" \/><\/a><\/p>\n<p>Ei kovin houkutteleva makuuhuone:<\/p>\n<p><a href=\"http:\/\/kiviniemenkartano.fi\/aitta\/wp-content\/uploads\/2018\/03\/aitta-ennen-7238.jpg\"><img loading=\"lazy\" decoding=\"async\" class=\"alignnone size-large wp-image-82\" src=\"http:\/\/kiviniemenkartano.fi\/aitta\/wp-content\/uploads\/2018\/03\/aitta-ennen-7238-1024x682.jpg\" alt=\"\" width=\"525\" height=\"350\" srcset=\"https:\/\/kiviniemenkartano.fi\/aitta\/wp-content\/uploads\/2018\/03\/aitta-ennen-7238-1024x682.jpg 1024w, https:\/\/kiviniemenkartano.fi\/aitta\/wp-content\/uploads\/2018\/03\/aitta-ennen-7238-300x200.jpg 300w, https:\/\/kiviniemenkartano.fi\/aitta\/wp-content\/uploads\/2018\/03\/aitta-ennen-7238-768x512.jpg 768w, https:\/\/kiviniemenkartano.fi\/aitta\/wp-content\/uploads\/2018\/03\/aitta-ennen-7238.jpg 2000w\" sizes=\"auto, (max-width: 525px) 100vw, 525px\" \/><\/a><\/p>\n<p>Kun meilt\u00e4 samalla puuttui verstastila, aloimme muokata aittaa. Ty\u00f6 alkoi purkamisella:<\/p>\n<p><a href=\"http:\/\/kiviniemenkartano.fi\/aitta\/wp-content\/uploads\/2018\/03\/aitta-katto-auki_MG_3063.jpg\"><img loading=\"lazy\" decoding=\"async\" class=\"alignnone size-large wp-image-83\" src=\"http:\/\/kiviniemenkartano.fi\/aitta\/wp-content\/uploads\/2018\/03\/aitta-katto-auki_MG_3063-1024x682.jpg\" alt=\"\" width=\"525\" height=\"350\" srcset=\"https:\/\/kiviniemenkartano.fi\/aitta\/wp-content\/uploads\/2018\/03\/aitta-katto-auki_MG_3063-1024x682.jpg 1024w, https:\/\/kiviniemenkartano.fi\/aitta\/wp-content\/uploads\/2018\/03\/aitta-katto-auki_MG_3063-300x200.jpg 300w, https:\/\/kiviniemenkartano.fi\/aitta\/wp-content\/uploads\/2018\/03\/aitta-katto-auki_MG_3063-768x512.jpg 768w, https:\/\/kiviniemenkartano.fi\/aitta\/wp-content\/uploads\/2018\/03\/aitta-katto-auki_MG_3063.jpg 2000w\" sizes=\"auto, (max-width: 525px) 100vw, 525px\" \/><\/a><\/p>\n<p><a href=\"http:\/\/kiviniemenkartano.fi\/aitta\/wp-content\/uploads\/2018\/03\/juha-purkaa-2950.jpg\"><img loading=\"lazy\" decoding=\"async\" class=\"alignnone wp-image-54 size-large\" src=\"http:\/\/kiviniemenkartano.fi\/aitta\/wp-content\/uploads\/2018\/03\/juha-purkaa-2950-1024x781.jpg\" alt=\"\" width=\"525\" height=\"400\" srcset=\"https:\/\/kiviniemenkartano.fi\/aitta\/wp-content\/uploads\/2018\/03\/juha-purkaa-2950-1024x781.jpg 1024w, https:\/\/kiviniemenkartano.fi\/aitta\/wp-content\/uploads\/2018\/03\/juha-purkaa-2950-300x229.jpg 300w, https:\/\/kiviniemenkartano.fi\/aitta\/wp-content\/uploads\/2018\/03\/juha-purkaa-2950-768x586.jpg 768w, https:\/\/kiviniemenkartano.fi\/aitta\/wp-content\/uploads\/2018\/03\/juha-purkaa-2950.jpg 2000w\" sizes=\"auto, (max-width: 525px) 100vw, 525px\" \/><\/a><\/p>\n<p>Vaaleat hirret ovat korotusosa sadan vuoden takaa. Sillon on purettu yl\u00e4osa, lis\u00e4tty v\u00e4liin uusia hirsi\u00e4 ja koottu vanha yl\u00e4osa takaisin paikoilleen. Koska aitta on tuolloin vuorattu pystyrimalaudoituksella, on uusi hirsi j\u00e4\u00e4nyt puun v\u00e4riseksi:<\/p>\n<p><a href=\"http:\/\/kiviniemenkartano.fi\/aitta\/wp-content\/uploads\/2018\/03\/laudat-purku_7228.jpg\"><img loading=\"lazy\" decoding=\"async\" class=\"alignnone wp-image-72 size-large\" src=\"http:\/\/kiviniemenkartano.fi\/aitta\/wp-content\/uploads\/2018\/03\/laudat-purku_7228-1024x664.jpg\" alt=\"\" width=\"525\" height=\"340\" srcset=\"https:\/\/kiviniemenkartano.fi\/aitta\/wp-content\/uploads\/2018\/03\/laudat-purku_7228-1024x664.jpg 1024w, https:\/\/kiviniemenkartano.fi\/aitta\/wp-content\/uploads\/2018\/03\/laudat-purku_7228-300x194.jpg 300w, https:\/\/kiviniemenkartano.fi\/aitta\/wp-content\/uploads\/2018\/03\/laudat-purku_7228-768x498.jpg 768w, https:\/\/kiviniemenkartano.fi\/aitta\/wp-content\/uploads\/2018\/03\/laudat-purku_7228.jpg 2000w\" sizes=\"auto, (max-width: 525px) 100vw, 525px\" \/><\/a><\/p>\n<p>Oletamme, ett\u00e4 aitan hirret on siirretty nykyiselle paikalleen vuonna 1827. Aitta on korotettu kaksikerroksiseksi vuonna 1937. Ajattelimme, ett\u00e4 vuonna 2017 olisi saatu meid\u00e4n remontti valmiiksi, mutta ei ehditty.<\/p>\n<p><a href=\"http:\/\/kiviniemenkartano.fi\/aitta\/wp-content\/uploads\/2018\/03\/aitta-tiilikatto-3119.jpg\"><img loading=\"lazy\" decoding=\"async\" class=\"alignnone wp-image-74 size-large\" src=\"http:\/\/kiviniemenkartano.fi\/aitta\/wp-content\/uploads\/2018\/03\/aitta-tiilikatto-3119-683x1024.jpg\" alt=\"\" width=\"525\" height=\"787\" srcset=\"https:\/\/kiviniemenkartano.fi\/aitta\/wp-content\/uploads\/2018\/03\/aitta-tiilikatto-3119-683x1024.jpg 683w, https:\/\/kiviniemenkartano.fi\/aitta\/wp-content\/uploads\/2018\/03\/aitta-tiilikatto-3119-200x300.jpg 200w, https:\/\/kiviniemenkartano.fi\/aitta\/wp-content\/uploads\/2018\/03\/aitta-tiilikatto-3119-768x1152.jpg 768w, https:\/\/kiviniemenkartano.fi\/aitta\/wp-content\/uploads\/2018\/03\/aitta-tiilikatto-3119.jpg 2000w\" sizes=\"auto, (max-width: 525px) 100vw, 525px\" \/><\/a><\/p>\n<p>Kun vesikatto, alapohja ja osa julkisivusta oli purettu, aitta nostettiin viereens\u00e4. Nosto tehtiin nelj\u00e4ll\u00e4 liinalla. Painoa aitalla oli himpun alle 10 000 kiloa.<\/p>\n<p><a href=\"http:\/\/kiviniemenkartano.fi\/aitta\/wp-content\/uploads\/2018\/03\/nosto-pian_MG_3156.jpg\"><img loading=\"lazy\" decoding=\"async\" class=\"alignnone wp-image-75 size-large\" src=\"http:\/\/kiviniemenkartano.fi\/aitta\/wp-content\/uploads\/2018\/03\/nosto-pian_MG_3156-1024x682.jpg\" alt=\"\" width=\"525\" height=\"350\" srcset=\"https:\/\/kiviniemenkartano.fi\/aitta\/wp-content\/uploads\/2018\/03\/nosto-pian_MG_3156-1024x682.jpg 1024w, https:\/\/kiviniemenkartano.fi\/aitta\/wp-content\/uploads\/2018\/03\/nosto-pian_MG_3156-300x200.jpg 300w, https:\/\/kiviniemenkartano.fi\/aitta\/wp-content\/uploads\/2018\/03\/nosto-pian_MG_3156-768x512.jpg 768w, https:\/\/kiviniemenkartano.fi\/aitta\/wp-content\/uploads\/2018\/03\/nosto-pian_MG_3156.jpg 2000w\" sizes=\"auto, (max-width: 525px) 100vw, 525px\" \/><\/a><\/p>\n<p><a href=\"http:\/\/kiviniemenkartano.fi\/aitta\/wp-content\/uploads\/2018\/03\/aitta-ilmaan-3146.jpg\"><img loading=\"lazy\" decoding=\"async\" class=\"alignnone size-large wp-image-80\" src=\"http:\/\/kiviniemenkartano.fi\/aitta\/wp-content\/uploads\/2018\/03\/aitta-ilmaan-3146-1024x682.jpg\" alt=\"\" width=\"525\" height=\"350\" srcset=\"https:\/\/kiviniemenkartano.fi\/aitta\/wp-content\/uploads\/2018\/03\/aitta-ilmaan-3146-1024x682.jpg 1024w, https:\/\/kiviniemenkartano.fi\/aitta\/wp-content\/uploads\/2018\/03\/aitta-ilmaan-3146-300x200.jpg 300w, https:\/\/kiviniemenkartano.fi\/aitta\/wp-content\/uploads\/2018\/03\/aitta-ilmaan-3146-768x512.jpg 768w, https:\/\/kiviniemenkartano.fi\/aitta\/wp-content\/uploads\/2018\/03\/aitta-ilmaan-3146.jpg 2000w\" sizes=\"auto, (max-width: 525px) 100vw, 525px\" \/><\/a><\/p>\n<p><a href=\"http:\/\/kiviniemenkartano.fi\/aitta\/wp-content\/uploads\/2018\/03\/nosturiaitta-3140.jpg\"><img loading=\"lazy\" decoding=\"async\" class=\"alignnone size-large wp-image-81\" src=\"http:\/\/kiviniemenkartano.fi\/aitta\/wp-content\/uploads\/2018\/03\/nosturiaitta-3140-1024x682.jpg\" alt=\"\" width=\"525\" height=\"350\" srcset=\"https:\/\/kiviniemenkartano.fi\/aitta\/wp-content\/uploads\/2018\/03\/nosturiaitta-3140-1024x682.jpg 1024w, https:\/\/kiviniemenkartano.fi\/aitta\/wp-content\/uploads\/2018\/03\/nosturiaitta-3140-300x200.jpg 300w, https:\/\/kiviniemenkartano.fi\/aitta\/wp-content\/uploads\/2018\/03\/nosturiaitta-3140-768x512.jpg 768w, https:\/\/kiviniemenkartano.fi\/aitta\/wp-content\/uploads\/2018\/03\/nosturiaitta-3140.jpg 2000w\" sizes=\"auto, (max-width: 525px) 100vw, 525px\" \/><\/a><\/p>\n<p><a href=\"http:\/\/kiviniemenkartano.fi\/aitta\/wp-content\/uploads\/2018\/03\/aitta-nosto_3183.jpg\"><img loading=\"lazy\" decoding=\"async\" class=\"alignnone wp-image-45 size-large\" src=\"http:\/\/kiviniemenkartano.fi\/aitta\/wp-content\/uploads\/2018\/03\/aitta-nosto_3183-1024x682.jpg\" alt=\"\" width=\"525\" height=\"350\" srcset=\"https:\/\/kiviniemenkartano.fi\/aitta\/wp-content\/uploads\/2018\/03\/aitta-nosto_3183-1024x682.jpg 1024w, https:\/\/kiviniemenkartano.fi\/aitta\/wp-content\/uploads\/2018\/03\/aitta-nosto_3183-300x200.jpg 300w, https:\/\/kiviniemenkartano.fi\/aitta\/wp-content\/uploads\/2018\/03\/aitta-nosto_3183-768x512.jpg 768w, https:\/\/kiviniemenkartano.fi\/aitta\/wp-content\/uploads\/2018\/03\/aitta-nosto_3183.jpg 2000w\" sizes=\"auto, (max-width: 525px) 100vw, 525px\" \/><\/a><\/p>\n<p>Siirto oli kymmenkunta metri\u00e4. Aitta j\u00e4i p\u00e4\u00e4rakennuksen viereen noin kuukaudeksi. Sill\u00e4 aikaa vaihdoimme savimaan soraksi \u00a0ja vedimme aittaan vesi- sek\u00e4 viem\u00e4riputket.<\/p>\n<p><a href=\"http:\/\/kiviniemenkartano.fi\/aitta\/wp-content\/uploads\/2018\/03\/aitta-evakko_MG_3193.jpg\"><img loading=\"lazy\" decoding=\"async\" class=\"alignnone wp-image-76 size-large\" src=\"http:\/\/kiviniemenkartano.fi\/aitta\/wp-content\/uploads\/2018\/03\/aitta-evakko_MG_3193-1024x682.jpg\" alt=\"\" width=\"525\" height=\"350\" srcset=\"https:\/\/kiviniemenkartano.fi\/aitta\/wp-content\/uploads\/2018\/03\/aitta-evakko_MG_3193-1024x682.jpg 1024w, https:\/\/kiviniemenkartano.fi\/aitta\/wp-content\/uploads\/2018\/03\/aitta-evakko_MG_3193-300x200.jpg 300w, https:\/\/kiviniemenkartano.fi\/aitta\/wp-content\/uploads\/2018\/03\/aitta-evakko_MG_3193-768x512.jpg 768w, https:\/\/kiviniemenkartano.fi\/aitta\/wp-content\/uploads\/2018\/03\/aitta-evakko_MG_3193.jpg 2000w\" sizes=\"auto, (max-width: 525px) 100vw, 525px\" \/><\/a><\/p>\n<p>Montun kaivamisesta ja perustuksista lis\u00e4\u00e4 kuukauden kuluttua.<\/p>\n<p>Hannu<\/p>\n","protected":false},"excerpt":{"rendered":"<p>T\u00e4st\u00e4 l\u00e4hdettiin. Takavasen kulma oli laho ja etuoikea kulma upposi maahan. Kaiteen pienat putoilivat ja kattokin oli v\u00e4h\u00e4n niin ja n\u00e4in. Alakerrassa huonekorkeutta oli sen verran, ett\u00e4 p\u00e4\u00e4n l\u00f6i sek\u00e4 oveen, ett\u00e4 v\u00e4lipohjan kannatinpalkkeihin. Ei kovin houkutteleva makuuhuone: Kun meilt\u00e4 samalla puuttui verstastila, aloimme muokata aittaa. Ty\u00f6 alkoi purkamisella: Vaaleat hirret ovat korotusosa sadan vuoden &hellip; <\/p>\n<p class=\"link-more\"><a href=\"https:\/\/kiviniemenkartano.fi\/aitta\/2018\/03\/05\/vanha-aitta-uusiksi\/\" class=\"more-link\">Jatka lukemista<span class=\"screen-reader-text\"> &#8221;Osa 1 &#8211; Vanha aitta uusiksi&#8221;<\/span><\/a><\/p>\n","protected":false},"author":1,"featured_media":0,"comment_status":"open","ping_status":"open","sticky":false,"template":"","format":"standard","meta":{"_exactmetrics_skip_tracking":false,"_exactmetrics_sitenote_active":false,"_exactmetrics_sitenote_note":"","_exactmetrics_sitenote_category":0,"footnotes":""},"categories":[1],"tags":[5,6],"class_list":["post-44","post","type-post","status-publish","format-standard","hentry","category-yleinen","tag-kayttotarkoituksen-muutos","tag-nosturi"],"_links":{"self":[{"href":"https:\/\/kiviniemenkartano.fi\/aitta\/wp-json\/wp\/v2\/posts\/44","targetHints":{"allow":["GET"]}}],"collection":[{"href":"https:\/\/kiviniemenkartano.fi\/aitta\/wp-json\/wp\/v2\/posts"}],"about":[{"href":"https:\/\/kiviniemenkartano.fi\/aitta\/wp-json\/wp\/v2\/types\/post"}],"author":[{"embeddable":true,"href":"https:\/\/kiviniemenkartano.fi\/aitta\/wp-json\/wp\/v2\/users\/1"}],"replies":[{"embeddable":true,"href":"https:\/\/kiviniemenkartano.fi\/aitta\/wp-json\/wp\/v2\/comments?post=44"}],"version-history":[{"count":16,"href":"https:\/\/kiviniemenkartano.fi\/aitta\/wp-json\/wp\/v2\/posts\/44\/revisions"}],"predecessor-version":[{"id":88,"href":"https:\/\/kiviniemenkartano.fi\/aitta\/wp-json\/wp\/v2\/posts\/44\/revisions\/88"}],"wp:attachment":[{"href":"https:\/\/kiviniemenkartano.fi\/aitta\/wp-json\/wp\/v2\/media?parent=44"}],"wp:term":[{"taxonomy":"category","embeddable":true,"href":"https:\/\/kiviniemenkartano.fi\/aitta\/wp-json\/wp\/v2\/categories?post=44"},{"taxonomy":"post_tag","embeddable":true,"href":"https:\/\/kiviniemenkartano.fi\/aitta\/wp-json\/wp\/v2\/tags?post=44"}],"curies":[{"name":"wp","href":"https:\/\/api.w.org\/{rel}","templated":true}]}}